{"id":23367,"date":"2023-07-06T16:00:02","date_gmt":"2023-07-06T19:00:02","guid":{"rendered":"https:\/\/chacosintesis.com.ar\/?p=23367"},"modified":"2023-07-06T16:06:47","modified_gmt":"2023-07-06T19:06:47","slug":"el-gobierno-anuncio-que-se-abrira-un-nuevo-call-center-en-fontana-2","status":"publish","type":"post","link":"https:\/\/chacosintesis.com.ar\/index.php\/el-gobierno-anuncio-que-se-abrira-un-nuevo-call-center-en-fontana-2\/","title":{"rendered":"El Gobierno anunci\u00f3 que se abrir\u00e1 un nuevo call center en Fontana"},"content":{"rendered":"<p>Ser\u00e1 de la firma Contactus y ya se encuentra en proceso de instalaci\u00f3n, lo que permitir\u00e1 la incorporaci\u00f3n de 100 nuevos trabajadores y trabajadoras.<br \/>\nEl gobernador Jorge Capitanich, acompa\u00f1ado por el ministro de Producci\u00f3n, Industria y Empleo, Sebasti\u00e1n Lifton, se reuni\u00f3 este mi\u00e9rcoles con directivos de la empresa de call center ATENTO con el objetivo de realizar un seguimiento de los distintos incentivos y pol\u00edticas p\u00fablicas que el Estado pone en marcha para beneficiar al sector, que ya superan los 8.500 trabajadores en el Chaco. La reuni\u00f3n, que se realiz\u00f3 en Casa de Gobierno, tuvo como eje realizar una evaluaci\u00f3n a los distintos impulsos que la provincia genera para el sector, como un programa de reintegro de la masa salarial, de contribuciones tributarias y la reglamentaci\u00f3n por el cual la provincia otorga la exenci\u00f3n en el pago de ingresos brutos a este tipo de servicios. Al respecto, Lifton asegur\u00f3 que \u201ccomo Gobierno, entendemos la necesidad de seguir acompa\u00f1ando a las empresas de call center porque generan muchos beneficios, como la posibilidad del primer empleo privado formal para muchos j\u00f3venes, o que el 60% de sus empleados sean mujeres. Este tipo de incentivos nos van permitiendo atacar estos problemas, que son los m\u00e1s recurrentes en el mercado laboral de la Argentina\u201d. La empresa Atento est\u00e1 erradicada en la provincia desde 2010 y fue la primera dentro del espacio de los call centers en apostar a la creaci\u00f3n de empleo en el \u00e1mbito local. Cuenta con tecnolog\u00eda de datos y herramientas digitales de \u00faltima generaci\u00f3n, con el objetivo de mejorar y optimizar las experiencias para consumidores y empresas nacionales e internacionales. Actualmente, cuenta con 1500 trabajadores vinculados a sus actividades en el Chaco. \u201cHay que recordar que, en 2007, cuando comenzaron las gestiones de Capitanich como gobernador, Chaco no ten\u00eda ninguna empresa de call centers. Y hoy en d\u00eda, somos la tercera provincia con mayor expansi\u00f3n de este sector, superando ampliamente los 8.500 trabajadores\u201d, acot\u00f3 el ministro, y agreg\u00f3: \u201ces un sector que contin\u00faa creciendo en nuestro sector econ\u00f3mico chaque\u00f1o\u201d. Por su parte, el representante de Atento para Argentina y Uruguay, Julio Di Lisio, agradeci\u00f3 al gobernador \u201cpor el apoyo que siempre nos brinda tanto a nosotros como a la industria. Ya llevamos 13 a\u00f1os en el Chaco y el Gobierno siempre nos dio una mano para poder seguir creciendo, con gestos como en la Pandemia, donde fue uno de los pocos que nos clasific\u00f3 como una actividad esencial\u201d.<\/p>\n<p>Nuevo call center en Fontana<br \/>\nEn la oportunidad, el ministro Lifton anticip\u00f3 que pr\u00f3ximamente se estar\u00e1 abriendo un nuevo call center, en este caso, en la localidad de Fontana. Ser\u00e1 de la firma Contactus y ya se encuentra en proceso de instalaci\u00f3n, lo que permitir\u00e1 la incorporaci\u00f3n de 100 nuevos trabajadores al sector. \u201cLas obras civiles ya est\u00e1n concluidas, tambi\u00e9n la instalaci\u00f3n en materia energ\u00e9tica y mobiliario, por lo que en los pr\u00f3ximos d\u00edas comenzar\u00e1n las etapas de capacitaci\u00f3n para el personal luego de un proceso de calificaci\u00f3n y selecci\u00f3n. Que estas empresas apuesten por el Chaco es realmente un motivo de orgullo para todos nosotros, porque ratifican las pol\u00edticas p\u00fablicas que ponemos en marcha para el sector\u201d, concluy\u00f3 Lifton.<\/p>\n","protected":false},"excerpt":{"rendered":"<p>Ser\u00e1 de la firma Contactus y ya se encuentra en proceso de instalaci\u00f3n, lo que permitir\u00e1 la incorporaci\u00f3n de 100 nuevos trabajadores y trabajadoras. El gobernador Jorge Capitanich, acompa\u00f1ado por el ministro de Producci\u00f3n, Industria y Empleo, Sebasti\u00e1n Lifton, se reuni\u00f3 este mi\u00e9rcoles con directivos de la empresa de call center ATENTO con el objetivo [&hellip;]<\/p>\n","protected":false},"author":1,"featured_media":23368,"comment_status":"closed","ping_status":"closed","sticky":false,"template":"","format":"standard","meta":{"footnotes":""},"categories":[6],"tags":[],"class_list":{"0":"post-23367","1":"post","2":"type-post","3":"status-publish","4":"format-standard","5":"has-post-thumbnail","7":"category-chaco"},"_links":{"self":[{"href":"https:\/\/chacosintesis.com.ar\/index.php\/wp-json\/wp\/v2\/posts\/23367","targetHints":{"allow":["GET"]}}],"collection":[{"href":"https:\/\/chacosintesis.com.ar\/index.php\/wp-json\/wp\/v2\/posts"}],"about":[{"href":"https:\/\/chacosintesis.com.ar\/index.php\/wp-json\/wp\/v2\/types\/post"}],"author":[{"embeddable":true,"href":"https:\/\/chacosintesis.com.ar\/index.php\/wp-json\/wp\/v2\/users\/1"}],"replies":[{"embeddable":true,"href":"https:\/\/chacosintesis.com.ar\/index.php\/wp-json\/wp\/v2\/comments?post=23367"}],"version-history":[{"count":0,"href":"https:\/\/chacosintesis.com.ar\/index.php\/wp-json\/wp\/v2\/posts\/23367\/revisions"}],"wp:featuredmedia":[{"embeddable":true,"href":"https:\/\/chacosintesis.com.ar\/index.php\/wp-json\/wp\/v2\/media\/23368"}],"wp:attachment":[{"href":"https:\/\/chacosintesis.com.ar\/index.php\/wp-json\/wp\/v2\/media?parent=23367"}],"wp:term":[{"taxonomy":"category","embeddable":true,"href":"https:\/\/chacosintesis.com.ar\/index.php\/wp-json\/wp\/v2\/categories?post=23367"},{"taxonomy":"post_tag","embeddable":true,"href":"https:\/\/chacosintesis.com.ar\/index.php\/wp-json\/wp\/v2\/tags?post=23367"}],"curies":[{"name":"wp","href":"https:\/\/api.w.org\/{rel}","templated":true}]}}