{"id":23361,"date":"2023-07-06T10:43:22","date_gmt":"2023-07-06T13:43:22","guid":{"rendered":"https:\/\/chacosintesis.com.ar\/?p=23361"},"modified":"2023-07-06T11:07:57","modified_gmt":"2023-07-06T14:07:57","slug":"carla-merinoleandro-zdero-es-la-esperanza-y-la-alternancia-para-cambiar-el-chaco","status":"publish","type":"post","link":"https:\/\/chacosintesis.com.ar\/index.php\/carla-merinoleandro-zdero-es-la-esperanza-y-la-alternancia-para-cambiar-el-chaco\/","title":{"rendered":"Carla Meri\u00f1o:&#8221;Leandro Zdero es la esperanza y la alternancia para cambiar el Chaco&#8221;"},"content":{"rendered":"<p>Carolina Meiri\u00f1o, candidata a diputada nacional por Juntos por el Cambio, de cara a las pr\u00f3ximas PASO nacionales el 13 de agosto, manifest\u00f3 este jueves, que \u201cDesde el Congreso Nacional, vamos a trabajar fuertemente en dar respuestas a las demandas de los chaque\u00f1os. Hoy la gente ve en Leandro Zdero, la esperanza y la alternancia para el Chaco que se viene y porque hay mucho por hacer en nuestra provincia; por eso, acompa\u00f1o este proyecto que, sin dudas, dar\u00e1 una vuelta de p\u00e1ginas en la vida de los chaque\u00f1os\u201d.<br \/>\nSobre su aspiraci\u00f3n a representar al Chaco, Meiri\u00f1o agreg\u00f3: \u201cTenemos un gran desaf\u00edo por delante, el compromiso siempre es con la gente, que pide se les resuelva los temas de inseguridad, las costosas boletas de luz y de agua; los elevados impuestos para el sector productivo, los inconvenientes de las Pymes y los emprendedores; la inflaci\u00f3n que da\u00f1a el sueldo de los trabajadores, la falta de empleo, entre tantas cuestiones. Hay gente que te abraza, con l\u00e1grimas en los ojos, porque no puede m\u00e1s o quieren bajar los brazos porque el estado se alej\u00f3 de estos problemas y no les brindan soluciones\u201d.<br \/>\nES UN CICLO TERMINADO Y SE AVIZORA UN CAMBIO<br \/>\n\u201cHay que escuchar a la gente y esta gesti\u00f3n de gobierno est\u00e1 agotada, por eso, se avizora un cambio y los ciudadanos est\u00e1n cansados de la pol\u00edtica feudal. Hoy la alternancia se llama Leandro Zdero, quien viene conformando equipos de trabajo en las distintas \u00e1reas e incluso, ha logrado en Chaco una lista de unidad para estas elecciones nacionales.  Desde el Congreso Nacional, vamos a trabajar incansablemente a favor del sector productivo, como herramienta de transformaci\u00f3n, como el motor de la econom\u00eda que genera empleo y crecimiento porque sin el campo, es imposible planificar para salir de esta crisis econ\u00f3mica y social&#8221;- concluy\u00f3 Meiri\u00f1o.<br \/>\nCarolina Meiri\u00f1o, es una joven abogada, de la capital chaque\u00f1a. Fue Subsecretaria de Gobierno de la Municipalidad de Resistencia y Coordinadora de la Direcci\u00f3n de Defensa al Consumidor y Lealtad Comercial. Actualmente, se desempe\u00f1a en la Fiscal\u00eda Municipal de Rcia.<\/p>\n","protected":false},"excerpt":{"rendered":"<p>Carolina Meiri\u00f1o, candidata a diputada nacional por Juntos por el Cambio, de cara a las pr\u00f3ximas PASO nacionales el 13 de agosto, manifest\u00f3 este jueves, que \u201cDesde el Congreso Nacional, vamos a trabajar fuertemente en dar respuestas a las demandas de los chaque\u00f1os. Hoy la gente ve en Leandro Zdero, la esperanza y la alternancia [&hellip;]<\/p>\n","protected":false},"author":1,"featured_media":23362,"comment_status":"closed","ping_status":"closed","sticky":false,"template":"","format":"standard","meta":{"footnotes":""},"categories":[6],"tags":[],"class_list":{"0":"post-23361","1":"post","2":"type-post","3":"status-publish","4":"format-standard","5":"has-post-thumbnail","7":"category-chaco"},"_links":{"self":[{"href":"https:\/\/chacosintesis.com.ar\/index.php\/wp-json\/wp\/v2\/posts\/23361","targetHints":{"allow":["GET"]}}],"collection":[{"href":"https:\/\/chacosintesis.com.ar\/index.php\/wp-json\/wp\/v2\/posts"}],"about":[{"href":"https:\/\/chacosintesis.com.ar\/index.php\/wp-json\/wp\/v2\/types\/post"}],"author":[{"embeddable":true,"href":"https:\/\/chacosintesis.com.ar\/index.php\/wp-json\/wp\/v2\/users\/1"}],"replies":[{"embeddable":true,"href":"https:\/\/chacosintesis.com.ar\/index.php\/wp-json\/wp\/v2\/comments?post=23361"}],"version-history":[{"count":0,"href":"https:\/\/chacosintesis.com.ar\/index.php\/wp-json\/wp\/v2\/posts\/23361\/revisions"}],"wp:featuredmedia":[{"embeddable":true,"href":"https:\/\/chacosintesis.com.ar\/index.php\/wp-json\/wp\/v2\/media\/23362"}],"wp:attachment":[{"href":"https:\/\/chacosintesis.com.ar\/index.php\/wp-json\/wp\/v2\/media?parent=23361"}],"wp:term":[{"taxonomy":"category","embeddable":true,"href":"https:\/\/chacosintesis.com.ar\/index.php\/wp-json\/wp\/v2\/categories?post=23361"},{"taxonomy":"post_tag","embeddable":true,"href":"https:\/\/chacosintesis.com.ar\/index.php\/wp-json\/wp\/v2\/tags?post=23361"}],"curies":[{"name":"wp","href":"https:\/\/api.w.org\/{rel}","templated":true}]}}