{"id":23357,"date":"2023-07-05T18:01:05","date_gmt":"2023-07-05T21:01:05","guid":{"rendered":"https:\/\/chacosintesis.com.ar\/?p=23357"},"modified":"2023-07-05T18:06:41","modified_gmt":"2023-07-05T21:06:41","slug":"el-tiempo-pronostican-algunas-lluvias-y-luego-nuevo-descenso-de-la-temperatura","status":"publish","type":"post","link":"https:\/\/chacosintesis.com.ar\/index.php\/el-tiempo-pronostican-algunas-lluvias-y-luego-nuevo-descenso-de-la-temperatura\/","title":{"rendered":"El tiempo: pronostican algunas lluvias y luego nuevo descenso de la temperatura"},"content":{"rendered":"<p>Seg\u00fan el Servicio Meteorol\u00f3gico Nacional, las condiciones comenzar\u00e1n a desmejorar hacia la noche de este jueves. Podr\u00edan producirse algunas tormentas aisladas, para dar paso a jornadas m\u00e1s frescas hacia el fin de semana.<br \/>\nEl \u201cveranillo\u201d que atraviesa la provincia en este at\u00edpico invierno de 2023 podr\u00eda dar un respiro antes de la llegada del fin de semana, con probables precipitaciones y descenso de los registros t\u00e9rmicos. As\u00ed lo anticipa en su pron\u00f3stico extendido de este mi\u00e9rcoles el Servicio Meteorol\u00f3gico Nacional, en el que adem\u00e1s da cuenta que las temperaturas \u201cprimaverales\u201d podr\u00edan retornar para la pr\u00f3xima semana.<br \/>\nPara lo que resta de este mi\u00e9rcoles, se espera buen tiempo y una noche c\u00e1lida, con la temperatura en torno a los 21\u00b0. En tanto, el jueves comenzar\u00eda con condiciones similares, una m\u00ednima de 21\u00b0 y una m\u00e1xima de 28\u00b0, en horas de la siesta; pero para el final de la jornada, la nubosidad ir\u00e1 en aumento.<br \/>\nPara las primeras horas del viernes, el tiempo comenzar\u00eda a desmejorar e incluso se generar\u00edan las condiciones para que se produzcan algunas lluvias y tormentas, que adem\u00e1s podr\u00edan ser localmente intensas. La temperatura oscilar\u00eda entre los 18\u00b0 y los 28\u00b0, con las precipitaciones esperadas para las \u00faltimas horas de la tarde y las primeras de la noche.<br \/>\nDe cara al fin de semana, la inestabilidad dar\u00e1 paso a mejores condiciones, pero con un leve descenso de los registros t\u00e9rmicos. Para el s\u00e1bado, se esperan 14\u00b0 de m\u00ednima y 20\u00b0 de m\u00e1xima; lo mismo que para el domingo, con ambas jornadas mayormente nubladas. La semana que viene comenzar\u00eda nuevamente con registros t\u00e9rmicos m\u00e1s asimilables a la primavera, con 17\u00b0 de temperatura m\u00ednima y 25\u00b0 de m\u00e1xima.<\/p>\n","protected":false},"excerpt":{"rendered":"<p>Seg\u00fan el Servicio Meteorol\u00f3gico Nacional, las condiciones comenzar\u00e1n a desmejorar hacia la noche de este jueves. Podr\u00edan producirse algunas tormentas aisladas, para dar paso a jornadas m\u00e1s frescas hacia el fin de semana. El \u201cveranillo\u201d que atraviesa la provincia en este at\u00edpico invierno de 2023 podr\u00eda dar un respiro antes de la llegada del fin [&hellip;]<\/p>\n","protected":false},"author":1,"featured_media":23358,"comment_status":"closed","ping_status":"closed","sticky":false,"template":"","format":"standard","meta":{"footnotes":""},"categories":[6],"tags":[],"class_list":{"0":"post-23357","1":"post","2":"type-post","3":"status-publish","4":"format-standard","5":"has-post-thumbnail","7":"category-chaco"},"_links":{"self":[{"href":"https:\/\/chacosintesis.com.ar\/index.php\/wp-json\/wp\/v2\/posts\/23357","targetHints":{"allow":["GET"]}}],"collection":[{"href":"https:\/\/chacosintesis.com.ar\/index.php\/wp-json\/wp\/v2\/posts"}],"about":[{"href":"https:\/\/chacosintesis.com.ar\/index.php\/wp-json\/wp\/v2\/types\/post"}],"author":[{"embeddable":true,"href":"https:\/\/chacosintesis.com.ar\/index.php\/wp-json\/wp\/v2\/users\/1"}],"replies":[{"embeddable":true,"href":"https:\/\/chacosintesis.com.ar\/index.php\/wp-json\/wp\/v2\/comments?post=23357"}],"version-history":[{"count":0,"href":"https:\/\/chacosintesis.com.ar\/index.php\/wp-json\/wp\/v2\/posts\/23357\/revisions"}],"wp:featuredmedia":[{"embeddable":true,"href":"https:\/\/chacosintesis.com.ar\/index.php\/wp-json\/wp\/v2\/media\/23358"}],"wp:attachment":[{"href":"https:\/\/chacosintesis.com.ar\/index.php\/wp-json\/wp\/v2\/media?parent=23357"}],"wp:term":[{"taxonomy":"category","embeddable":true,"href":"https:\/\/chacosintesis.com.ar\/index.php\/wp-json\/wp\/v2\/categories?post=23357"},{"taxonomy":"post_tag","embeddable":true,"href":"https:\/\/chacosintesis.com.ar\/index.php\/wp-json\/wp\/v2\/tags?post=23357"}],"curies":[{"name":"wp","href":"https:\/\/api.w.org\/{rel}","templated":true}]}}