{"id":23341,"date":"2023-07-05T16:00:26","date_gmt":"2023-07-05T19:00:26","guid":{"rendered":"https:\/\/chacosintesis.com.ar\/?p=23341"},"modified":"2023-07-05T16:07:33","modified_gmt":"2023-07-05T19:07:33","slug":"mas-familias-de-la-zona-sur-de-resistencia-cumplen-el-sueno-de-la-casa-propia","status":"publish","type":"post","link":"https:\/\/chacosintesis.com.ar\/index.php\/mas-familias-de-la-zona-sur-de-resistencia-cumplen-el-sueno-de-la-casa-propia\/","title":{"rendered":"M\u00e1s familias de la zona sur de Resistencia cumplen el sue\u00f1o de la casa propia"},"content":{"rendered":"<p>Las unidades habitacionales adjudicadas forman parte del programa de 4.000 viviendas entregadas, a entregar y en ejecuci\u00f3n durante el transcurso de este a\u00f1o 2023. \u201cLa vivienda digna es una condici\u00f3n necesaria para mejorar la calidad de vida de nuestra comunidad\u201d, dijo el gobernador.<br \/>\nEl gobernador Jorge Capitanich adjudic\u00f3 este mi\u00e9rcoles 5 nuevas viviendas sociales en la zona sur de Resistencia. Las unidades habitacionales son construidas a trav\u00e9s del Instituto de Agricultura Familiar y Econom\u00eda Popular (IAFEP).<br \/>\nEl gobernador Capitanich explic\u00f3 que las unidades habitacionales adjudicadas forman parte del programa de 4.000 viviendas entregadas, a entregar y en ejecuci\u00f3n durante el transcurso de este a\u00f1o 2023.<br \/>\n\u201cLa vivienda digna es una condici\u00f3n necesaria para mejorar la calidad de vida de nuestra comunidad\u201d, dijo el gobernador.<br \/>\nCapitanich destac\u00f3 la importancia de la construcci\u00f3n de viviendas sociales por su efecto multiplicador en la econom\u00eda, garantizando que m\u00e1s familias chaque\u00f1as puedan cumplir el sue\u00f1o de la casa propia, promoviendo a la vez el empleo a trav\u00e9s de organizaciones sociales o cooperativas de trabajo.<\/p>\n<p>El programa de ejecuci\u00f3n de viviendas sociales que el Gobierno Provincial, lleva adelante a trav\u00e9s del IAFEP, forma parte de un modelo virtuoso, donde de manera simult\u00e1nea representa el ejercicio de dos derechos fundamentales: el acceso a una vivienda digna y al trabajo.\u201cEso representa el ejercicio de dos derechos de forma simult\u00e1nea, el derecho al trabajo y progreso social, por un lado y el derecho a la vivienda digna, por el otro\u201d, remarc\u00f3 Capitanich.<\/p>\n","protected":false},"excerpt":{"rendered":"<p>Las unidades habitacionales adjudicadas forman parte del programa de 4.000 viviendas entregadas, a entregar y en ejecuci\u00f3n durante el transcurso de este a\u00f1o 2023. \u201cLa vivienda digna es una condici\u00f3n necesaria para mejorar la calidad de vida de nuestra comunidad\u201d, dijo el gobernador. El gobernador Jorge Capitanich adjudic\u00f3 este mi\u00e9rcoles 5 nuevas viviendas sociales en [&hellip;]<\/p>\n","protected":false},"author":1,"featured_media":23342,"comment_status":"closed","ping_status":"closed","sticky":false,"template":"","format":"standard","meta":{"footnotes":""},"categories":[6],"tags":[],"class_list":{"0":"post-23341","1":"post","2":"type-post","3":"status-publish","4":"format-standard","5":"has-post-thumbnail","7":"category-chaco"},"_links":{"self":[{"href":"https:\/\/chacosintesis.com.ar\/index.php\/wp-json\/wp\/v2\/posts\/23341","targetHints":{"allow":["GET"]}}],"collection":[{"href":"https:\/\/chacosintesis.com.ar\/index.php\/wp-json\/wp\/v2\/posts"}],"about":[{"href":"https:\/\/chacosintesis.com.ar\/index.php\/wp-json\/wp\/v2\/types\/post"}],"author":[{"embeddable":true,"href":"https:\/\/chacosintesis.com.ar\/index.php\/wp-json\/wp\/v2\/users\/1"}],"replies":[{"embeddable":true,"href":"https:\/\/chacosintesis.com.ar\/index.php\/wp-json\/wp\/v2\/comments?post=23341"}],"version-history":[{"count":0,"href":"https:\/\/chacosintesis.com.ar\/index.php\/wp-json\/wp\/v2\/posts\/23341\/revisions"}],"wp:featuredmedia":[{"embeddable":true,"href":"https:\/\/chacosintesis.com.ar\/index.php\/wp-json\/wp\/v2\/media\/23342"}],"wp:attachment":[{"href":"https:\/\/chacosintesis.com.ar\/index.php\/wp-json\/wp\/v2\/media?parent=23341"}],"wp:term":[{"taxonomy":"category","embeddable":true,"href":"https:\/\/chacosintesis.com.ar\/index.php\/wp-json\/wp\/v2\/categories?post=23341"},{"taxonomy":"post_tag","embeddable":true,"href":"https:\/\/chacosintesis.com.ar\/index.php\/wp-json\/wp\/v2\/tags?post=23341"}],"curies":[{"name":"wp","href":"https:\/\/api.w.org\/{rel}","templated":true}]}}