{"id":23339,"date":"2023-07-05T15:58:06","date_gmt":"2023-07-05T18:58:06","guid":{"rendered":"https:\/\/chacosintesis.com.ar\/?p=23339"},"modified":"2023-07-05T16:07:32","modified_gmt":"2023-07-05T19:07:32","slug":"caso-cecilia-como-avanza-la-investigacion","status":"publish","type":"post","link":"https:\/\/chacosintesis.com.ar\/index.php\/caso-cecilia-como-avanza-la-investigacion\/","title":{"rendered":"Caso Cecilia: \u00bfC\u00f3mo avanza la investigaci\u00f3n?"},"content":{"rendered":"<p>\u201cEstamos recabando la mayor informaci\u00f3n posible que sea de inter\u00e9s para la causa\u201d, remarc\u00f3 C\u00e1ceres Olivera.<br \/>\nEl equipo fiscal que interviene en la investigaci\u00f3n por la causa de Cecilia Strzyzowski, realiz\u00f3 una conferencia para informar acerca de los avances de la misma.<br \/>\n\u201cHay una cuesti\u00f3n que se present\u00f3 ayer en la comisar\u00eda tercera, respecto de una carta. Respecto a ello, de procuraci\u00f3n nos pidieron copia para poder realizar las actuaciones correspondientes, a fin de asignar un fiscal que lo investigue\u201d, explic\u00f3 Jorge G\u00f3mez, fiscal en la causa y remarc\u00f3: \u201cva a tomar su curso y se va a analizar e investigar\u201d.<br \/>\nPor su parte, el fiscal C\u00e1ceres Olivera detall\u00f3 que \u201cla carta fue entregada a la comisar\u00eda tercera por un familiar de uno de los detenidos\u201d. \u201cPara evitar que se siga divulgando y transformando el contenido concreto, vamos a dejar en reserva el contenido de la misma\u201d, aclar\u00f3.<br \/>\nEn este sentido, el fiscal manifest\u00f3: \u201cSabemos la integridad con la que trabajamos, no s\u00f3lo el equipo fiscal conformado actualmente sino la totalidad del personal que compone la fiscal\u00eda\u201d. \u201cQuiero garantizar que estamos siendo totalmente objetivos en toda la investigaci\u00f3n\u201d, destac\u00f3.<br \/>\nEn cuanto a los resultados de las pericias a los tel\u00e9fonos celulares y los resultados de ADN de los \u00faltimos rastros de sangre encontrados, C\u00e1ceres Olivera aclar\u00f3: \u201cestamos en constante comunicaci\u00f3n y tratando de agilizar eso, son elementos de prueba de inter\u00e9s para todos nosotros\u201d. \u201cTenemos las audiencias de oposici\u00f3n y de apelaci\u00f3n que se van a ir fijando y ser\u00eda importante contar con esas pruebas\u201d, especific\u00f3.<br \/>\nSobre la posibilidad de un nuevo implicado, G\u00f3mez explic\u00f3: \u201cEs algo que estuvimos evaluando y se tomar\u00e1n determinadas medidas que no las podemos comunicar en este momento\u201d. \u201cHicimos un compromiso con la se\u00f1ora Gloria, en cuanto a que todas las medidas judiciales saldr\u00edan por la v\u00eda que corresponde y se las \u00edbamos a hacer conocer a ella\u201d, agreg\u00f3.<br \/>\nEn este sentido, el equipo fiscal adelant\u00f3 que \u201ces una persona que ya declar\u00f3 y que en su momento analizamos la posibilidad, se sigue analizando\u201d. \u201cSe tomar\u00e1n unas medidas de prueba para poder tomar una determinaci\u00f3n tan importante como es imputar a una persona\u201d, aclar\u00f3 e inform\u00f3 que \u201ca la fecha contin\u00faan las mismas imputaciones a los siete detenidos en la causa\u201d.<br \/>\nFinalmente, en relaci\u00f3n al pedido de C\u00e9sar Sena, de reunirse con su madre, Marcela Acu\u00f1a, el fiscal remarc\u00f3: \u201cEs una cuesti\u00f3n que estamos analizando y que no es sencilla\u201d. \u201cTenemos esta causa que surgi\u00f3 el d\u00eda de ayer que es algo a tener en cuenta a la hora de permitir el contacto de los detenidos\u201d, manifest\u00f3.<br \/>\nAs\u00ed mismo, C\u00e1ceres Olivera remarc\u00f3 que \u201cno se descarta ninguna de las medidas probatorias solicitadas por la querella\u201d. \u201cEstamos recabando la mayor informaci\u00f3n posible que sea de inter\u00e9s para la causa\u201d, concluy\u00f3.<\/p>\n<p>Comunicado del Poder Judicial<br \/>\nEn un comunicado del Poder Judicial de la Provincia del Chaco, la jueza de Garant\u00edas N\u00ba 1 de Resistencia, Mercedes Pereyra (\u00fanica jueza de garant\u00edas del fuero penal en ejercicio actualmente) y la fiscal de Investigaci\u00f3n N\u00ba 3, Rosana Soto, aclararon que no tienen intervenci\u00f3n en las causas por la muerte de Cecilia Strzyzowski.<br \/>\nEn ese sentido recordaron que el Equipo Fiscal Especial est\u00e1 conformado por los fiscales Jorge G\u00f3mez, Jorge C\u00e1ceres Olivera y Nelia Vel\u00e1zquez. Adem\u00e1s, el juez de Garant\u00edas N\u00ba 2, H\u00e9ctor Horacio Sandoval, interviene en la causa \u201cSena, C\u00e9sar Alejandro y otros S\/ femicidio\u201d y el juez de Garant\u00edas N\u00ba 4, Juan Calos Codina, lo hace en las causas &#8220;Acu\u00f1a, Marcela Ver\u00f3nica S\/ Habeas Corpus&#8221; y \u201cComisaria Tercera Metropolitana S\/ Eleva Actuaciones por secuestro impostergable&#8221;.<\/p>\n","protected":false},"excerpt":{"rendered":"<p>\u201cEstamos recabando la mayor informaci\u00f3n posible que sea de inter\u00e9s para la causa\u201d, remarc\u00f3 C\u00e1ceres Olivera. El equipo fiscal que interviene en la investigaci\u00f3n por la causa de Cecilia Strzyzowski, realiz\u00f3 una conferencia para informar acerca de los avances de la misma. \u201cHay una cuesti\u00f3n que se present\u00f3 ayer en la comisar\u00eda tercera, respecto de [&hellip;]<\/p>\n","protected":false},"author":1,"featured_media":23340,"comment_status":"closed","ping_status":"closed","sticky":false,"template":"","format":"standard","meta":{"footnotes":""},"categories":[6],"tags":[],"class_list":{"0":"post-23339","1":"post","2":"type-post","3":"status-publish","4":"format-standard","5":"has-post-thumbnail","7":"category-chaco"},"_links":{"self":[{"href":"https:\/\/chacosintesis.com.ar\/index.php\/wp-json\/wp\/v2\/posts\/23339","targetHints":{"allow":["GET"]}}],"collection":[{"href":"https:\/\/chacosintesis.com.ar\/index.php\/wp-json\/wp\/v2\/posts"}],"about":[{"href":"https:\/\/chacosintesis.com.ar\/index.php\/wp-json\/wp\/v2\/types\/post"}],"author":[{"embeddable":true,"href":"https:\/\/chacosintesis.com.ar\/index.php\/wp-json\/wp\/v2\/users\/1"}],"replies":[{"embeddable":true,"href":"https:\/\/chacosintesis.com.ar\/index.php\/wp-json\/wp\/v2\/comments?post=23339"}],"version-history":[{"count":0,"href":"https:\/\/chacosintesis.com.ar\/index.php\/wp-json\/wp\/v2\/posts\/23339\/revisions"}],"wp:featuredmedia":[{"embeddable":true,"href":"https:\/\/chacosintesis.com.ar\/index.php\/wp-json\/wp\/v2\/media\/23340"}],"wp:attachment":[{"href":"https:\/\/chacosintesis.com.ar\/index.php\/wp-json\/wp\/v2\/media?parent=23339"}],"wp:term":[{"taxonomy":"category","embeddable":true,"href":"https:\/\/chacosintesis.com.ar\/index.php\/wp-json\/wp\/v2\/categories?post=23339"},{"taxonomy":"post_tag","embeddable":true,"href":"https:\/\/chacosintesis.com.ar\/index.php\/wp-json\/wp\/v2\/tags?post=23339"}],"curies":[{"name":"wp","href":"https:\/\/api.w.org\/{rel}","templated":true}]}}