{"id":23327,"date":"2023-07-05T15:43:08","date_gmt":"2023-07-05T18:43:08","guid":{"rendered":"https:\/\/chacosintesis.com.ar\/?p=23327"},"modified":"2023-07-05T16:07:30","modified_gmt":"2023-07-05T19:07:30","slug":"mas-de-3-000-personas-del-chaco-cobraran-su-jubilacion-con-el-plan-de-pago-de-deuda-previsional","status":"publish","type":"post","link":"https:\/\/chacosintesis.com.ar\/index.php\/mas-de-3-000-personas-del-chaco-cobraran-su-jubilacion-con-el-plan-de-pago-de-deuda-previsional\/","title":{"rendered":"M\u00e1s de 3.000 personas del Chaco cobrar\u00e1n su jubilaci\u00f3n con el Plan de Pago de Deuda Previsional"},"content":{"rendered":"<p>La directora ejecutiva de la Administraci\u00f3n Nacional de la Seguridad Social (Anses), Fernanda Raverta, destac\u00f3 hoy que el Plan de Pago de Deuda Previsional beneficiar\u00e1 en julio a \u201cm\u00e1s de 92.000 personas que cobrar\u00e1n su haber con el calendario de pagos habitual\u201d, y remarc\u00f3 que el mismo \u201cpermite que hombres y mujeres del pa\u00eds accedan a una jubilaci\u00f3n luego de toda una vida de trabajo\u201d.<br \/>\nA trav\u00e9s de un comunicado, Raverta sostuvo que \u201cen julio, m\u00e1s de 92.000 personas cobrar\u00e1n su haber con el calendario de pagos habitual gracias al Plan de Pago de Deuda Previsional\u201d.<br \/>\nLa funcionaria precis\u00f3 que \u201centre junio y julio 92.446 argentinas y argentinos percibir\u00e1n sus haberes\u201d, y puntualiz\u00f3 que \u201cde ese total, para 51.846 es su primera jubilaci\u00f3n mientras que para 40.600 es su segundo cobro\u201d.<br \/>\nEl plan de pago posibilita que un universo de 800.000 personas que tienen la edad jubilatoria, pero no cuentan con 30 a\u00f1os de aportes, regularicen su situaci\u00f3n y accedan a la jubilaci\u00f3n.<br \/>\nEn tanto, desde Anses informaron que al d\u00eda de hoy m\u00e1s de 200.000 iniciaron el tr\u00e1mite ante el organismo,<br \/>\nEl tr\u00e1mite est\u00e1 dirigido a mujeres de entre 50 y 59 y varones de entre 55 y 64 que, al cumplir la edad jubilatoria, no re\u00fanan los 30 a\u00f1os de aportes requeridos.<br \/>\nLos interesados podr\u00e1n regularizar per\u00edodos faltantes hasta el 31 de marzo de 2012 inclusive y deben requerir un turno en <a href=\"http:\/\/www.anses.gob.ar\">www.anses.gob.ar<\/a>.<br \/>\nQuienes est\u00e9n por cumplir la edad para jubilarse y adeuden aportes previsionales pueden regularizarlos mediante la Unidad de Cancelaci\u00f3n de Aportes Previsionales para Trabajadores y Trabajadoras en Actividad present\u00e1ndose en las oficinas del organismo con turno previo, tal como se precis\u00f3 en la resoluci\u00f3n 131\/2023, publicada esta semana en el Bolet\u00edn Oficial.<br \/>\nPor provincia, en Buenos Aires percibir\u00e1n su haber 44.712 jubiladas y jubilados; en C\u00f3rdoba, 6.165; en Santa Fe, 5.963; en la Ciudad Aut\u00f3noma de Buenos Aires, 4.794; en Mendoza, 4.102; en Chaco, 3.119; en Entre R\u00edos, 2.928; en Corrientes, 2.918; en Misiones, 2.637; en Tucum\u00e1n, 1.822; en Salta, 1.771; en R\u00edo Negro, 1.392; en San Juan, 1.283; en Formosa, 1.167; en Jujuy, 1.139; en San Luis, 970; en Catamarca, 959; en Santiago del Estero, 937; en Chubut, 936; en Neuqu\u00e9n, 765; en La Pampa, 682; en La Rioja, 540; en Santa Cruz, 507 y en Tierra del Fuego, 238.<br \/>\nFuente: T\u00e9lam<\/p>\n","protected":false},"excerpt":{"rendered":"<p>La directora ejecutiva de la Administraci\u00f3n Nacional de la Seguridad Social (Anses), Fernanda Raverta, destac\u00f3 hoy que el Plan de Pago de Deuda Previsional beneficiar\u00e1 en julio a \u201cm\u00e1s de 92.000 personas que cobrar\u00e1n su haber con el calendario de pagos habitual\u201d, y remarc\u00f3 que el mismo \u201cpermite que hombres y mujeres del pa\u00eds accedan [&hellip;]<\/p>\n","protected":false},"author":1,"featured_media":23328,"comment_status":"closed","ping_status":"closed","sticky":false,"template":"","format":"standard","meta":{"footnotes":""},"categories":[6],"tags":[],"class_list":{"0":"post-23327","1":"post","2":"type-post","3":"status-publish","4":"format-standard","5":"has-post-thumbnail","7":"category-chaco"},"_links":{"self":[{"href":"https:\/\/chacosintesis.com.ar\/index.php\/wp-json\/wp\/v2\/posts\/23327","targetHints":{"allow":["GET"]}}],"collection":[{"href":"https:\/\/chacosintesis.com.ar\/index.php\/wp-json\/wp\/v2\/posts"}],"about":[{"href":"https:\/\/chacosintesis.com.ar\/index.php\/wp-json\/wp\/v2\/types\/post"}],"author":[{"embeddable":true,"href":"https:\/\/chacosintesis.com.ar\/index.php\/wp-json\/wp\/v2\/users\/1"}],"replies":[{"embeddable":true,"href":"https:\/\/chacosintesis.com.ar\/index.php\/wp-json\/wp\/v2\/comments?post=23327"}],"version-history":[{"count":0,"href":"https:\/\/chacosintesis.com.ar\/index.php\/wp-json\/wp\/v2\/posts\/23327\/revisions"}],"wp:featuredmedia":[{"embeddable":true,"href":"https:\/\/chacosintesis.com.ar\/index.php\/wp-json\/wp\/v2\/media\/23328"}],"wp:attachment":[{"href":"https:\/\/chacosintesis.com.ar\/index.php\/wp-json\/wp\/v2\/media?parent=23327"}],"wp:term":[{"taxonomy":"category","embeddable":true,"href":"https:\/\/chacosintesis.com.ar\/index.php\/wp-json\/wp\/v2\/categories?post=23327"},{"taxonomy":"post_tag","embeddable":true,"href":"https:\/\/chacosintesis.com.ar\/index.php\/wp-json\/wp\/v2\/tags?post=23327"}],"curies":[{"name":"wp","href":"https:\/\/api.w.org\/{rel}","templated":true}]}}