{"id":23325,"date":"2023-07-05T15:36:16","date_gmt":"2023-07-05T18:36:16","guid":{"rendered":"https:\/\/chacosintesis.com.ar\/?p=23325"},"modified":"2023-07-05T15:36:54","modified_gmt":"2023-07-05T18:36:54","slug":"desarrollo-social-convoca-a-las-oenege-a-participar-del-premio-provincial","status":"publish","type":"post","link":"https:\/\/chacosintesis.com.ar\/index.php\/desarrollo-social-convoca-a-las-oenege-a-participar-del-premio-provincial\/","title":{"rendered":"Desarrollo Social convoca a las oeneg\u00e9 a participar del premio provincial"},"content":{"rendered":"<p>Habr\u00e1 est\u00edmulos econ\u00f3micos para 10 organizaciones, poniendo en valor sus labores comunitarias y solidarias, en el marco de la celebraci\u00f3n del 31 de agosto D\u00eda Provincial de las Oeneg\u00e9s.<br \/>\nEl Ministerio de Desarrollo Social abri\u00f3 la convocatoria para participar del Premio Provincial a la Oeneg\u00e9 Destacada por su Labor Comunitaria y Solidaria A\u00f1o 2023, a trav\u00e9s de la cual se otorga est\u00edmulos econ\u00f3micos a las organizaciones seleccionadas. El primer premio para la organizaci\u00f3n elegida ser\u00e1 de $350.000.<br \/>\nLa iniciativa, a cargo de la Subsecretar\u00eda de Participaci\u00f3n Ciudadana, se realiza desde 2003 cada 31 de agosto, que es el D\u00eda Provincial de las Oeneg\u00e9s. El objetivo es otorgar reconocimiento, impulsando las labores de las organizaciones del tercer sector. Podr\u00e1n participar oeneg\u00e9s de todas las localidades que desarrollen su actividad en el \u00e1mbito provincial, ya sean asociaciones civiles, comunitarias, fundaciones, cooperativas o similares.<br \/>\nLas postulaciones se recibir\u00e1n hasta el viernes 28 de julio inclusive v\u00eda formulario online y las consultas a trav\u00e9s de tel\u00e9fono, correo electr\u00f3nico o personalmente, para ser evaluadas por una comisi\u00f3n convocada a tal fin.<br \/>\nLos est\u00edmulos econ\u00f3micos tienen el objetivo de fortalecer a la organizaci\u00f3n destacada por su labor comunitaria y solidaria en el territorio chaque\u00f1o. El primer premio ser\u00e1 de $350.000, el segundo de $250.000, el tercero de $220.000, el cuarto y quinto premios de $200.000 cada uno, el sexto y el s\u00e9ptimo lugar ser\u00e1n premiados con $170.000 cada uno, el octavo de $150.000, y el noveno y d\u00e9cimo contar\u00e1n con premios de $125.000.<br \/>\nConsultas y presentaci\u00f3n de propuestas<br \/>\nEntre los requisitos las y los interesados en participar deber\u00e1n cumplimentar el formulario web ingresando al formulario, tendr\u00e1n que contar con reconocimiento provincial o municipal y acreditar la actividad que desarrollan, m\u00e1s el \u00e1mbito de actuaci\u00f3n de la misma, trayectoria con antig\u00fcedad no menor a un a\u00f1o con antecedentes actualizados, adem\u00e1s de personer\u00eda jur\u00eddica seg\u00fan corresponda.<br \/>\nPara mayor informaci\u00f3n, tambi\u00e9n est\u00e1n habilitados los correos electr\u00f3nicos: <a href=\"mailto:sub.participacion@chaco.gob.ar\" >sub.participacion@chaco.gob.ar<\/a> y <a href=\"mailto:participaci\u00f3nciudadana.ds@gmail.com\" >participaci\u00f3nciudadana.ds@gmail.com<\/a> , all\u00ed podr\u00e1n realizar consultas, recibir asesoramiento y presentar las propuestas, o bien comunicarse al n\u00famero de tel\u00e9fono de la subsecretar\u00eda 3625-270273, y podr\u00e1n dirigirse personalmente a las oficinas de la subsecretar\u00eda en Santa Mar\u00eda de Oro 229 \u2013 Planta Alta, de Resistencia.<br \/>\nLas organizaciones interesadas en concursar deber\u00e1n detallar la actividad desarrollada, antecedentes y documentos de importancia que consideren sobre la trayectoria de la organizaci\u00f3n, adem\u00e1s de acreditar el \u00e1mbito de actuaci\u00f3n en la provincia, sumando datos precisos para el posterior contacto con los y las referentes de cada oeneg\u00e9.<br \/>\nPosteriormente una comisi\u00f3n evaluadora analizar\u00e1 las propuestas y elegir\u00e1 a las organizaciones ganadoras, dando a conocerlas el 31 de agosto de 2023 que se celebra el D\u00eda Provincial de la Oeneg\u00e9, como establece la Ley Provincial 1.257-E. Ceremonia de premiaci\u00f3n y entrega de reconocimientos, en lugar y horario a confirmar.<\/p>\n","protected":false},"excerpt":{"rendered":"<p>Habr\u00e1 est\u00edmulos econ\u00f3micos para 10 organizaciones, poniendo en valor sus labores comunitarias y solidarias, en el marco de la celebraci\u00f3n del 31 de agosto D\u00eda Provincial de las Oeneg\u00e9s. El Ministerio de Desarrollo Social abri\u00f3 la convocatoria para participar del Premio Provincial a la Oeneg\u00e9 Destacada por su Labor Comunitaria y Solidaria A\u00f1o 2023, a [&hellip;]<\/p>\n","protected":false},"author":1,"featured_media":23326,"comment_status":"closed","ping_status":"closed","sticky":false,"template":"","format":"standard","meta":{"footnotes":""},"categories":[6],"tags":[],"class_list":{"0":"post-23325","1":"post","2":"type-post","3":"status-publish","4":"format-standard","5":"has-post-thumbnail","7":"category-chaco"},"_links":{"self":[{"href":"https:\/\/chacosintesis.com.ar\/index.php\/wp-json\/wp\/v2\/posts\/23325","targetHints":{"allow":["GET"]}}],"collection":[{"href":"https:\/\/chacosintesis.com.ar\/index.php\/wp-json\/wp\/v2\/posts"}],"about":[{"href":"https:\/\/chacosintesis.com.ar\/index.php\/wp-json\/wp\/v2\/types\/post"}],"author":[{"embeddable":true,"href":"https:\/\/chacosintesis.com.ar\/index.php\/wp-json\/wp\/v2\/users\/1"}],"replies":[{"embeddable":true,"href":"https:\/\/chacosintesis.com.ar\/index.php\/wp-json\/wp\/v2\/comments?post=23325"}],"version-history":[{"count":0,"href":"https:\/\/chacosintesis.com.ar\/index.php\/wp-json\/wp\/v2\/posts\/23325\/revisions"}],"wp:featuredmedia":[{"embeddable":true,"href":"https:\/\/chacosintesis.com.ar\/index.php\/wp-json\/wp\/v2\/media\/23326"}],"wp:attachment":[{"href":"https:\/\/chacosintesis.com.ar\/index.php\/wp-json\/wp\/v2\/media?parent=23325"}],"wp:term":[{"taxonomy":"category","embeddable":true,"href":"https:\/\/chacosintesis.com.ar\/index.php\/wp-json\/wp\/v2\/categories?post=23325"},{"taxonomy":"post_tag","embeddable":true,"href":"https:\/\/chacosintesis.com.ar\/index.php\/wp-json\/wp\/v2\/tags?post=23325"}],"curies":[{"name":"wp","href":"https:\/\/api.w.org\/{rel}","templated":true}]}}