{"id":23313,"date":"2023-07-05T15:14:25","date_gmt":"2023-07-05T18:14:25","guid":{"rendered":"https:\/\/chacosintesis.com.ar\/?p=23313"},"modified":"2023-07-05T15:36:50","modified_gmt":"2023-07-05T18:36:50","slug":"avanza-la-ejecucion-de-obras-ambientales-y-territoriales-en-san-bernardo","status":"publish","type":"post","link":"https:\/\/chacosintesis.com.ar\/index.php\/avanza-la-ejecucion-de-obras-ambientales-y-territoriales-en-san-bernardo\/","title":{"rendered":"Avanza la ejecuci\u00f3n de obras ambientales y territoriales en San Bernardo"},"content":{"rendered":"<p>La ministra Soneira y el intendente Miguel Sotelo analizaron los avances en la ejecuci\u00f3n de la Planta de Tratamiento de Residuos S\u00f3lidos Urbanos en la localidad, adem\u00e1s de ultimar detalles con la actualizaci\u00f3n de la informaci\u00f3n de un proyecto en el RENABAP a nivel nacional.<br \/>\nLa ministra de Ambiente y Desarrollo Territorial Sostenible, Marta Soneira, recibi\u00f3 al intendente de San Bernardo Miguel Sotelo con quien analiz\u00f3 el avance de la ejecuci\u00f3n de obras ambientales y territoriales en la localidad. \u201cEs necesario el trabajo articulado con los Municipios para brindar condiciones de vida dignas a las y los chaque\u00f1os\u201d, destac\u00f3 la funcionaria provincial.<br \/>\nEn el encuentro analizaron los avances de la obra de la Planta de Tratamiento de Residuos S\u00f3lidos Urbanos en la localidad, que ya cuenta con parte del equipamiento provisto por el Ministerio de Ambiente y Desarrollo Sostenible de la Naci\u00f3n. \u201cEstamos culminando el proyecto ejecutivo para la obra del edificio y definir la modalidad de gesti\u00f3n, ya sea a trav\u00e9s de una empresa o por administraci\u00f3n municipal con un convenio con el Ministerio\u201d, explic\u00f3 la ministra.<br \/>\nAdem\u00e1s se actualiz\u00f3 la informaci\u00f3n de un proyecto en el Registro Nacional de Barrios Populares (RENABAP) a nivel nacional. \u201cEste trabajo implica la posibilidad de seguir desarrollando esta zona; agradecemos al intendente Sotelo por su visita y su compromiso con el desarrollo sostenible y la mejora de la calidad de vida de los vecinos y vecinas de San Bernardo\u201d, finaliz\u00f3 Soneira.<\/p>\n","protected":false},"excerpt":{"rendered":"<p>La ministra Soneira y el intendente Miguel Sotelo analizaron los avances en la ejecuci\u00f3n de la Planta de Tratamiento de Residuos S\u00f3lidos Urbanos en la localidad, adem\u00e1s de ultimar detalles con la actualizaci\u00f3n de la informaci\u00f3n de un proyecto en el RENABAP a nivel nacional. La ministra de Ambiente y Desarrollo Territorial Sostenible, Marta Soneira, [&hellip;]<\/p>\n","protected":false},"author":1,"featured_media":23314,"comment_status":"closed","ping_status":"closed","sticky":false,"template":"","format":"standard","meta":{"footnotes":""},"categories":[6],"tags":[],"class_list":{"0":"post-23313","1":"post","2":"type-post","3":"status-publish","4":"format-standard","5":"has-post-thumbnail","7":"category-chaco"},"_links":{"self":[{"href":"https:\/\/chacosintesis.com.ar\/index.php\/wp-json\/wp\/v2\/posts\/23313","targetHints":{"allow":["GET"]}}],"collection":[{"href":"https:\/\/chacosintesis.com.ar\/index.php\/wp-json\/wp\/v2\/posts"}],"about":[{"href":"https:\/\/chacosintesis.com.ar\/index.php\/wp-json\/wp\/v2\/types\/post"}],"author":[{"embeddable":true,"href":"https:\/\/chacosintesis.com.ar\/index.php\/wp-json\/wp\/v2\/users\/1"}],"replies":[{"embeddable":true,"href":"https:\/\/chacosintesis.com.ar\/index.php\/wp-json\/wp\/v2\/comments?post=23313"}],"version-history":[{"count":0,"href":"https:\/\/chacosintesis.com.ar\/index.php\/wp-json\/wp\/v2\/posts\/23313\/revisions"}],"wp:featuredmedia":[{"embeddable":true,"href":"https:\/\/chacosintesis.com.ar\/index.php\/wp-json\/wp\/v2\/media\/23314"}],"wp:attachment":[{"href":"https:\/\/chacosintesis.com.ar\/index.php\/wp-json\/wp\/v2\/media?parent=23313"}],"wp:term":[{"taxonomy":"category","embeddable":true,"href":"https:\/\/chacosintesis.com.ar\/index.php\/wp-json\/wp\/v2\/categories?post=23313"},{"taxonomy":"post_tag","embeddable":true,"href":"https:\/\/chacosintesis.com.ar\/index.php\/wp-json\/wp\/v2\/tags?post=23313"}],"curies":[{"name":"wp","href":"https:\/\/api.w.org\/{rel}","templated":true}]}}