{"id":23305,"date":"2023-07-05T09:32:53","date_gmt":"2023-07-05T12:32:53","guid":{"rendered":"https:\/\/chacosintesis.com.ar\/?p=23305"},"modified":"2023-07-05T09:36:58","modified_gmt":"2023-07-05T12:36:58","slug":"zdero-la-confianza-de-la-gente-en-las-urnas-la-seguimos-fortaleciendo-en-todo-el-chaco","status":"publish","type":"post","link":"https:\/\/chacosintesis.com.ar\/index.php\/zdero-la-confianza-de-la-gente-en-las-urnas-la-seguimos-fortaleciendo-en-todo-el-chaco\/","title":{"rendered":"Zdero: &#8220;La confianza de la gente en las urnas, la seguimos fortaleciendo en todo el Chaco&#8221;"},"content":{"rendered":"<p>Leandro Zdero, candidato a gobernador de Juntos por el Cambio, manifest\u00f3 esta ma\u00f1ana, que \u201cesa confianza de la gente en las urnas, la seguimos fortaleciendo con todos los equipos y en territorio. El Chaco va a recuperar la esperanza porque es tiempo de seguir avanzando en la unidad y en el compromiso de reparar esta provincia que tanto nos duele. Queremos ser protagonistas y a esa muestra de apoyo que nos brind\u00f3 la gente, la vamos a devolver en mi gesti\u00f3n, con buenos hechos\u201d- indic\u00f3.<br \/>\nDe cara a las pr\u00f3ximas elecciones y en su aspiraci\u00f3n de gobernar el Chaco, Zdero tambi\u00e9n expres\u00f3: \u201cHoy la pobreza, la inflaci\u00f3n, la falta de empleo, la inseguridad, la impunidad, la falta de m\u00e9dicos y medicamentos en los hospitales se ha multiplicado y los chaque\u00f1os padecemos estas situaciones, todos los d\u00edas, ante un Estado indiferente que no muestra capacidad de gesti\u00f3n.  Al que piensa distinto o critica lo que est\u00e1 mal ya es calificado como \u201cenemigo\u201d, as\u00ed lo hicieron con el campo, y no se han ocupado de sus demandas\u201d. Por eso, creemos que debemos estar espalda con espalda, con la agenda de la gente y acompa\u00f1ando a todos los sectores para gobernar el Chaco que se viene\u201d.<br \/>\nLOS QUE HOY GOBIERNAN YA CUMPLIERON SU CICLO<br \/>\nPor \u00faltimo, Zdero remarc\u00f3: \u201cQuienes hoy gobiernan cumplieron un ciclo. No saben c\u00f3mo o no quieren resolver los problemas. Sentimos que viven en otra realidad, por eso, necesitamos dar vuelta la p\u00e1gina y hacer lo correcto; de hacer lo que hay que hacer y con esperanzas. Camino y hablo con todos, los chaque\u00f1os quieren un cambio en serio e igualdad de oportunidades. Tenemos Equipo y un Plan, estamos preparados para gobernar y para reparar las asimetr\u00edas, entre todos, sin importar su pertenencia o identidad, lo vamos a lograr\u201d.<\/p>\n","protected":false},"excerpt":{"rendered":"<p>Leandro Zdero, candidato a gobernador de Juntos por el Cambio, manifest\u00f3 esta ma\u00f1ana, que \u201cesa confianza de la gente en las urnas, la seguimos fortaleciendo con todos los equipos y en territorio. El Chaco va a recuperar la esperanza porque es tiempo de seguir avanzando en la unidad y en el compromiso de reparar esta [&hellip;]<\/p>\n","protected":false},"author":1,"featured_media":23306,"comment_status":"closed","ping_status":"closed","sticky":false,"template":"","format":"standard","meta":{"footnotes":""},"categories":[6],"tags":[],"class_list":{"0":"post-23305","1":"post","2":"type-post","3":"status-publish","4":"format-standard","5":"has-post-thumbnail","7":"category-chaco"},"_links":{"self":[{"href":"https:\/\/chacosintesis.com.ar\/index.php\/wp-json\/wp\/v2\/posts\/23305","targetHints":{"allow":["GET"]}}],"collection":[{"href":"https:\/\/chacosintesis.com.ar\/index.php\/wp-json\/wp\/v2\/posts"}],"about":[{"href":"https:\/\/chacosintesis.com.ar\/index.php\/wp-json\/wp\/v2\/types\/post"}],"author":[{"embeddable":true,"href":"https:\/\/chacosintesis.com.ar\/index.php\/wp-json\/wp\/v2\/users\/1"}],"replies":[{"embeddable":true,"href":"https:\/\/chacosintesis.com.ar\/index.php\/wp-json\/wp\/v2\/comments?post=23305"}],"version-history":[{"count":0,"href":"https:\/\/chacosintesis.com.ar\/index.php\/wp-json\/wp\/v2\/posts\/23305\/revisions"}],"wp:featuredmedia":[{"embeddable":true,"href":"https:\/\/chacosintesis.com.ar\/index.php\/wp-json\/wp\/v2\/media\/23306"}],"wp:attachment":[{"href":"https:\/\/chacosintesis.com.ar\/index.php\/wp-json\/wp\/v2\/media?parent=23305"}],"wp:term":[{"taxonomy":"category","embeddable":true,"href":"https:\/\/chacosintesis.com.ar\/index.php\/wp-json\/wp\/v2\/categories?post=23305"},{"taxonomy":"post_tag","embeddable":true,"href":"https:\/\/chacosintesis.com.ar\/index.php\/wp-json\/wp\/v2\/tags?post=23305"}],"curies":[{"name":"wp","href":"https:\/\/api.w.org\/{rel}","templated":true}]}}