{"id":23299,"date":"2023-07-05T09:21:24","date_gmt":"2023-07-05T12:21:24","guid":{"rendered":"https:\/\/chacosintesis.com.ar\/?p=23299"},"modified":"2023-07-05T09:36:57","modified_gmt":"2023-07-05T12:36:57","slug":"la-hermana-de-emerenciano-un-posible-arreglo-con-una-jueza-y-una-fiscal","status":"publish","type":"post","link":"https:\/\/chacosintesis.com.ar\/index.php\/la-hermana-de-emerenciano-un-posible-arreglo-con-una-jueza-y-una-fiscal\/","title":{"rendered":"La hermana de Emerenciano: &#8220;Un posible arreglo con una jueza y una fiscal&#8221;"},"content":{"rendered":"<p>Nuevamente una misiva es el medio por el cual, los Sena eligen para comunicarse. Marcelina, quiso pasarle pastillas a Emerenciano.<\/p>\n<p>Las epistolares han sido una costumbre en el &#8220;clan Sena&#8221; , los que est\u00e1n privados de la libertad y sus afectos, que los visitan en las distintas dependencias donde se alojan Emerenciano, Marcela Acu\u00f1a y C\u00e9sar Sena, que junto con sus presuntos c\u00f3mplices, Gustavo Obreg\u00f3n, Gustavo Melgarejo, Fabiana Gonz\u00e1lez y Griselda Reinoso est\u00e1n acusados de asesinar a Cecilia Strzyzowski.<\/p>\n<p>El primero que emple\u00f3 la escritura a pu\u00f1o y letra fue el principal sospechoso y exmarido, C\u00e9sar. En sendas cartas se dirigi\u00f3 al titular del Equipo Fiscal Especial (EFE), Jorge C\u00e1ceres Olivera, pidi\u00e9ndole que necesitaba hablar personalmente para que &#8220;todo esto termine&#8221;.<br \/>\nLuego, Marcela Acu\u00f1a dirigi\u00f3 un recurso de h\u00e1beas corpus colectivo, y en otro intento, el manuscrito de prisi\u00f3n domiciliaria. Y la tercera carta, divulgada por su entorno y dirigida a la prensa.<\/p>\n<p> El turno de Marcelina que no podr\u00e1 visitar al exl\u00edder piquetero<br \/>\nNORTE pudo confirmar sobre un incidente ayer a las 12.30 en la comisar\u00eda Tercera con la hermana de Emerenciano. Se trata de Marcelina quien llev\u00f3 dos cartas y pastillas para entregarle pero en la requisa fue descubierta.<br \/>\n&#8220;Eme, (Ricardo) Osuna (por el abogado de C\u00e9sar) tiene todo bajo control, necesitamos que Marcela no haga ning\u00fan tipo de declaraci\u00f3n. Si Marcela declara se hunden los tres. Esas fueron sus palabras tambi\u00e9n me coment\u00f3 que puede llegar a haber un posible arreglo con una jueza de garant\u00edas de la fiscal\u00eda 3. Otra cosa, me dijo que empieces hacer show, que hagas bajar tu az\u00facar, as\u00ed apuramos m\u00e1s tu domiciliaria. No tienen nada. Est\u00e1n esperando los resultados de ADN, mientras no conviene ning\u00fan tipo de declaraci\u00f3n. Si llegara a dar positivo, ah\u00ed conviene su declaraci\u00f3n porque si lo hace ahora ella ni nadie, va a poder agregar m\u00e1s ni un tipo de declaraci\u00f3n&#8221;.<br \/>\nLa segunda carta menciona: &#8220;Me dijo ( Osuna) que si fuera tu abogado, ya ustedes estar\u00edan afuera&#8221;, le deja el n\u00famero del profesional y le aclara. &#8220;Llamalo y si quer\u00e9s poder cambiar de defensor, pero vos ten\u00e9s que pedir haciendo una nota al fiscal&#8221;. Marcelina, fue notificada de que no podr\u00e1 visitar a su hermano debido a la falta cometida.<\/p>\n<p> DIARIO NORTE.-<\/p>\n","protected":false},"excerpt":{"rendered":"<p>Nuevamente una misiva es el medio por el cual, los Sena eligen para comunicarse. Marcelina, quiso pasarle pastillas a Emerenciano. Las epistolares han sido una costumbre en el &#8220;clan Sena&#8221; , los que est\u00e1n privados de la libertad y sus afectos, que los visitan en las distintas dependencias donde se alojan Emerenciano, Marcela Acu\u00f1a y [&hellip;]<\/p>\n","protected":false},"author":1,"featured_media":23300,"comment_status":"closed","ping_status":"closed","sticky":false,"template":"","format":"standard","meta":{"footnotes":""},"categories":[6],"tags":[197],"class_list":{"0":"post-23299","1":"post","2":"type-post","3":"status-publish","4":"format-standard","5":"has-post-thumbnail","7":"category-chaco","8":"tag-destacada"},"_links":{"self":[{"href":"https:\/\/chacosintesis.com.ar\/index.php\/wp-json\/wp\/v2\/posts\/23299","targetHints":{"allow":["GET"]}}],"collection":[{"href":"https:\/\/chacosintesis.com.ar\/index.php\/wp-json\/wp\/v2\/posts"}],"about":[{"href":"https:\/\/chacosintesis.com.ar\/index.php\/wp-json\/wp\/v2\/types\/post"}],"author":[{"embeddable":true,"href":"https:\/\/chacosintesis.com.ar\/index.php\/wp-json\/wp\/v2\/users\/1"}],"replies":[{"embeddable":true,"href":"https:\/\/chacosintesis.com.ar\/index.php\/wp-json\/wp\/v2\/comments?post=23299"}],"version-history":[{"count":0,"href":"https:\/\/chacosintesis.com.ar\/index.php\/wp-json\/wp\/v2\/posts\/23299\/revisions"}],"wp:featuredmedia":[{"embeddable":true,"href":"https:\/\/chacosintesis.com.ar\/index.php\/wp-json\/wp\/v2\/media\/23300"}],"wp:attachment":[{"href":"https:\/\/chacosintesis.com.ar\/index.php\/wp-json\/wp\/v2\/media?parent=23299"}],"wp:term":[{"taxonomy":"category","embeddable":true,"href":"https:\/\/chacosintesis.com.ar\/index.php\/wp-json\/wp\/v2\/categories?post=23299"},{"taxonomy":"post_tag","embeddable":true,"href":"https:\/\/chacosintesis.com.ar\/index.php\/wp-json\/wp\/v2\/tags?post=23299"}],"curies":[{"name":"wp","href":"https:\/\/api.w.org\/{rel}","templated":true}]}}