{"id":23289,"date":"2023-07-04T18:47:56","date_gmt":"2023-07-04T21:47:56","guid":{"rendered":"https:\/\/chacosintesis.com.ar\/?p=23289"},"modified":"2023-07-04T19:06:44","modified_gmt":"2023-07-04T22:06:44","slug":"tras-la-marcha-del-domingo-gloria-romero-pide-mantener-el-recuerdo-de-cecilia-con-el-color-rosa-adornando-el-puente-chaco-corrientes","status":"publish","type":"post","link":"https:\/\/chacosintesis.com.ar\/index.php\/tras-la-marcha-del-domingo-gloria-romero-pide-mantener-el-recuerdo-de-cecilia-con-el-color-rosa-adornando-el-puente-chaco-corrientes\/","title":{"rendered":"Tras la marcha del domingo: Gloria Romero pide mantener el recuerdo de Cecilia con el color rosa adornando el puente Chaco-Corrientes"},"content":{"rendered":"<p>La mujer, a trav\u00e9s de su cuenta de Instagram, requiri\u00f3 a quienes habitualmente usan el puente para hacer actividad f\u00edsica, que sigan colocando cintas o cualquier otro elemento color rosa para mantener el recuerdo en ese lugar.<br \/>\nLuego de la marcha del pasado domingo, que uni\u00f3 el apoyo de Chaco y de Corrientes sobre el puente interprovincial, la mam\u00e1 de Cecilia Strzyzowski, Gloria Romero pidi\u00f3 a trav\u00e9s de sus redes sociales mantener el recuerdo de la joven en ese lugar, continuando con la colocaci\u00f3n de cintas o cualquier otro elemento color rosa.<br \/>\n\u201cPido a la gente que va a correr, andar en bicicleta o caminar por la zona del puente llevar algo rosa para seguir manteniendo como un santuario rosa. Lleven globos, cintas, remeras, cartas o lo que quieran imprimir y pegar. Esta tarde, si puedo, voy a llevar la cara gigante de Ceci para pegarla en uno de los pilares del puente\u201d, se\u00f1alo.<br \/>\nAs\u00ed, agreg\u00f3: \u201cMe gustar\u00eda que siguiera vivo todo eso, qued\u00f3 muy bonito y de noche se ve lindo, me gusta c\u00f3mo vuelan las telas\u201d.<\/p>\n<p>Candados y cadenas color rosa<\/p>\n<p>Poco despu\u00e9s de ese pedido, y en base a mensajes que recibi\u00f3 de sus seguidores, Gloria cont\u00f3 tambi\u00e9n a trav\u00e9s de su Instagram: \u201cMe dijeron que alguien mand\u00f3 a limpiar el puente y no qued\u00f3 nada\u201d.<br \/>\nFrente a eso, propuso: \u201cEn algunas partes del mundo ponen candados como s\u00edmbolo de amor. Consigamos cadenas y candados y pint\u00e9moslos color rosa. Si alguien nos quiere poner trabas, nosotros igual haremos que se acuerden de Cecilia. Si la quieren borrar, no lo van a lograr mientras yo viva\u201d.<\/p>\n<p>La ni\u00f1era de Gloria<\/p>\n<p>Por otra parte, en una entrevista que hizo hoy por el canal A24, Gloria cont\u00f3 que no ten\u00eda relaci\u00f3n con Marcela Acu\u00f1a ni con Emerenciano Sena, aunque dio un dato que no se conoc\u00eda hasta ahora: \u201cLa madre de Emerenciano fue mi ni\u00f1era, me cuid\u00f3 hasta los 12 a\u00f1os\u201d, revel\u00f3.<br \/>\n\u201cNo le tengo miedo porque si hab\u00eda alguien que era dura era do\u00f1a Teodora, la madre de Emerenciano, y me ense\u00f1\u00f3 eso, a no temerle a nadie\u201d, resalt\u00f3.<\/p>\n<p>\u201cA la ma\u00f1ana es cuando m\u00e1s la extra\u00f1o\u201d<\/p>\n<p>\u201cA la ma\u00f1ana es cuando m\u00e1s la extra\u00f1o, porque yo me levantaba a correr a las 5 de la ma\u00f1ana, y la molestaba\u201d, cont\u00f3 Gloria en otro de los pasajes de la entrevista donde record\u00f3 c\u00f3mo era su hija, y tambi\u00e9n comparti\u00f3 un audio de los tantos que se enviaban durante el d\u00eda.<br \/>\n\u201cElla est\u00e1, siempre va estar. Es parte m\u00eda, est\u00e1 en el viento y en la tierra. Nosotras compart\u00edamos energ\u00edas. Nunca se va a ir, pero tambi\u00e9n al estar su dolor en la tierra, la gente que la lastim\u00f3 la va a pagar, pero no de una forma tr\u00e1gica, sino que ella los va a acariciar y dar amor, y eso es lo peor para una persona oscura, la luz\u201d, reflexion\u00f3.<\/p>\n","protected":false},"excerpt":{"rendered":"<p>La mujer, a trav\u00e9s de su cuenta de Instagram, requiri\u00f3 a quienes habitualmente usan el puente para hacer actividad f\u00edsica, que sigan colocando cintas o cualquier otro elemento color rosa para mantener el recuerdo en ese lugar. Luego de la marcha del pasado domingo, que uni\u00f3 el apoyo de Chaco y de Corrientes sobre el [&hellip;]<\/p>\n","protected":false},"author":1,"featured_media":23290,"comment_status":"closed","ping_status":"closed","sticky":false,"template":"","format":"standard","meta":{"footnotes":""},"categories":[6],"tags":[],"class_list":{"0":"post-23289","1":"post","2":"type-post","3":"status-publish","4":"format-standard","5":"has-post-thumbnail","7":"category-chaco"},"_links":{"self":[{"href":"https:\/\/chacosintesis.com.ar\/index.php\/wp-json\/wp\/v2\/posts\/23289","targetHints":{"allow":["GET"]}}],"collection":[{"href":"https:\/\/chacosintesis.com.ar\/index.php\/wp-json\/wp\/v2\/posts"}],"about":[{"href":"https:\/\/chacosintesis.com.ar\/index.php\/wp-json\/wp\/v2\/types\/post"}],"author":[{"embeddable":true,"href":"https:\/\/chacosintesis.com.ar\/index.php\/wp-json\/wp\/v2\/users\/1"}],"replies":[{"embeddable":true,"href":"https:\/\/chacosintesis.com.ar\/index.php\/wp-json\/wp\/v2\/comments?post=23289"}],"version-history":[{"count":0,"href":"https:\/\/chacosintesis.com.ar\/index.php\/wp-json\/wp\/v2\/posts\/23289\/revisions"}],"wp:featuredmedia":[{"embeddable":true,"href":"https:\/\/chacosintesis.com.ar\/index.php\/wp-json\/wp\/v2\/media\/23290"}],"wp:attachment":[{"href":"https:\/\/chacosintesis.com.ar\/index.php\/wp-json\/wp\/v2\/media?parent=23289"}],"wp:term":[{"taxonomy":"category","embeddable":true,"href":"https:\/\/chacosintesis.com.ar\/index.php\/wp-json\/wp\/v2\/categories?post=23289"},{"taxonomy":"post_tag","embeddable":true,"href":"https:\/\/chacosintesis.com.ar\/index.php\/wp-json\/wp\/v2\/tags?post=23289"}],"curies":[{"name":"wp","href":"https:\/\/api.w.org\/{rel}","templated":true}]}}