{"id":23281,"date":"2023-07-04T17:09:12","date_gmt":"2023-07-04T20:09:12","guid":{"rendered":"https:\/\/chacosintesis.com.ar\/?p=23281"},"modified":"2023-07-04T17:38:09","modified_gmt":"2023-07-04T20:38:09","slug":"caso-cecilia-el-abogado-de-cesar-sena-apelo-la-prision-preventiva-por-el-femicidio","status":"publish","type":"post","link":"https:\/\/chacosintesis.com.ar\/index.php\/caso-cecilia-el-abogado-de-cesar-sena-apelo-la-prision-preventiva-por-el-femicidio\/","title":{"rendered":"Caso Cecilia: El abogado de C\u00e9sar Sena apel\u00f3 la prisi\u00f3n preventiva por el femicidio"},"content":{"rendered":"<p>El acusado de 19 a\u00f1os, fue considerado autor por el delito de homicidio triplemente agravado por el v\u00ednculo, por femicidio y por el concurso premeditado de dos o m\u00e1s personas. Tambi\u00e9n decidieron apelar por el delito de &#8220;encubrimiento agravado&#8221;, las tres defensas oficiales de Gustavo Obreg\u00f3n, Fabiana Gonz\u00e1lez y Griselda Reinoso, y la abogada particular de Gustavo Melgarejo.<br \/>\nLa defensa de C\u00e9sar Sena, el joven de 19 a\u00f1os acusado del femicidio de su pareja, Cecilia Strzyzowski, cometido en Resistencia, apel\u00f3 hoy la prisi\u00f3n preventiva que los fiscales del caso le impusieron al considerarlo autor de homicidio agravado junto a sus padres, Marcela Acu\u00f1a y Emerenciano Sena.<br \/>\nRicardo Ozuna inform\u00f3 que, esta ma\u00f1ana, al vencerse el plazo de ley para objetar la resoluci\u00f3n dictada por los integrantes del Equipo Fiscal Especial (EFE) de Resistencia, present\u00f3 su apelaci\u00f3n, que deber\u00e1 argumentar de manera oral en una audiencia cuya fecha ser\u00e1 dispuesta la semana que viene por el juez de Garant\u00edas a cargo de la causa, H\u00e9ctor Sandoval.<br \/>\nEl letrado estim\u00f3 que la apelaci\u00f3n oral se realizar\u00e1 despu\u00e9s de la feria judicial de mediados de mes, cuando expondr\u00e1 los motivos por los cuales recurri\u00f3 el fallo mediante el cual los fiscales Jorge C\u00e1ceres Olivera, Jorge G\u00f3mez y Nelia Vel\u00e1zquez dictaron la prisi\u00f3n preventiva de C\u00e9sar por el delito de homicidio triplemente agravado por el v\u00ednculo, por femicidio y por el concurso premeditado de dos o m\u00e1s personas.<br \/>\nAl igual que Ozuna, tambi\u00e9n decidieron apelar las prisiones preventivas que les impusieron por el delito de &#8220;encubrimiento agravado&#8221;, las tres defensas oficiales de Gustavo Obreg\u00f3n, Fabiana Gonz\u00e1lez y Griselda Reinoso, y la abogada particular de Gustavo Melgarejo, M\u00f3nica S\u00e1nchez, dijeron a T\u00e9lam fuentes judiciales.<br \/>\nEn tanto, el pasado viernes, los abogados Juan Carlos Seife y Sebasti\u00e1n Vallejos, hab\u00edan presentado su oposici\u00f3n a las prisiones preventiva de los acusados Acu\u00f1a y Emerenciano Sena, acusados por homicidio agravado por el concurso premeditado por dos o m\u00e1s personas.<br \/>\nLa Justicia del Chaco establece existen dos v\u00edas para recurrir las prisiones preventivas: la opci\u00f3n ante el juzgado de Garant\u00edas y la apelaci\u00f3n ante la C\u00e1mara de Apelaciones, y que los defensores deber\u00e1n optar por uno u otra de manera excluyente y en base a las estrategias que pretendan desplegar.<br \/>\nEn tanto, fuentes judiciales informaron a T\u00e9lam que el lunes 10 de julio comenzar\u00e1 a realizarse en C\u00f3rdoba el estudio de las muestras \u00f3seas halladas en el marco de la causa y que fueron entregadas ayer al Equipo Argentino de Antropolog\u00eda Forense (EAAF) C\u00f3rdoba para ser sometidas a cotejos de ADN con el fin de establecer si pertenecen a Cecilia.<br \/>\nAyer, los investigadores determinaron que los objetos que hab\u00edan sido hallado quemados en un patio de la casa del matrimonio Sena durante un allanamiento realizado por personal de Gendarmer\u00eda Nacional hace 10 d\u00edas, son restos de una mochila y una billetera de Cecilia. Seg\u00fan las pesquisas, el resultado del peritaje a los restos encontrados en la vivienda de Santa Mar\u00eda de Oro 1460, revela que los restos de tela que hab\u00edan sido hallados en un patio de la casa y que hab\u00edan sido afectados por las llamas eran de la mochila que llevaba Cecilia el d\u00eda de su desaparici\u00f3n, el pasado 2 de junio.<br \/>\nLos peritos lograron determinar que, adem\u00e1s, se hallaron restos de una billetera y de una tarjeta de cr\u00e9dito o d\u00e9bito que pertenec\u00eda a la v\u00edctima, explicaron las fuentes consultadas. En ese allanamiento, los peritos de Gendarmer\u00eda, que trabajaron durante m\u00e1s de cinco horas en el lugar a pedido del equipo de fiscales, utilizaron un georradar para intentar determinar si los restos de la joven hab\u00edan sido escondidos debajo de cemento, pero el resultado de esa medida dio negativo.<br \/>\nDurante aquel procedimiento, los peritos tambi\u00e9n utilizaron luminol y establecieron que en la habitaci\u00f3n que pertenec\u00eda a C\u00e9sar Sena hab\u00eda rastros de sangre y que se correspond\u00eda con sangre humana, por lo que se tomaron muestras que ahora son analizadas por un equipo de bioqu\u00edmicos para intentar establecer si son de hombre o de mujer y, en ese caso, si pertenece a Cecilia.<br \/>\nFuente: T\u00e9lam<\/p>\n","protected":false},"excerpt":{"rendered":"<p>El acusado de 19 a\u00f1os, fue considerado autor por el delito de homicidio triplemente agravado por el v\u00ednculo, por femicidio y por el concurso premeditado de dos o m\u00e1s personas. Tambi\u00e9n decidieron apelar por el delito de &#8220;encubrimiento agravado&#8221;, las tres defensas oficiales de Gustavo Obreg\u00f3n, Fabiana Gonz\u00e1lez y Griselda Reinoso, y la abogada particular [&hellip;]<\/p>\n","protected":false},"author":1,"featured_media":23282,"comment_status":"closed","ping_status":"closed","sticky":false,"template":"","format":"standard","meta":{"footnotes":""},"categories":[6],"tags":[],"class_list":{"0":"post-23281","1":"post","2":"type-post","3":"status-publish","4":"format-standard","5":"has-post-thumbnail","7":"category-chaco"},"_links":{"self":[{"href":"https:\/\/chacosintesis.com.ar\/index.php\/wp-json\/wp\/v2\/posts\/23281","targetHints":{"allow":["GET"]}}],"collection":[{"href":"https:\/\/chacosintesis.com.ar\/index.php\/wp-json\/wp\/v2\/posts"}],"about":[{"href":"https:\/\/chacosintesis.com.ar\/index.php\/wp-json\/wp\/v2\/types\/post"}],"author":[{"embeddable":true,"href":"https:\/\/chacosintesis.com.ar\/index.php\/wp-json\/wp\/v2\/users\/1"}],"replies":[{"embeddable":true,"href":"https:\/\/chacosintesis.com.ar\/index.php\/wp-json\/wp\/v2\/comments?post=23281"}],"version-history":[{"count":0,"href":"https:\/\/chacosintesis.com.ar\/index.php\/wp-json\/wp\/v2\/posts\/23281\/revisions"}],"wp:featuredmedia":[{"embeddable":true,"href":"https:\/\/chacosintesis.com.ar\/index.php\/wp-json\/wp\/v2\/media\/23282"}],"wp:attachment":[{"href":"https:\/\/chacosintesis.com.ar\/index.php\/wp-json\/wp\/v2\/media?parent=23281"}],"wp:term":[{"taxonomy":"category","embeddable":true,"href":"https:\/\/chacosintesis.com.ar\/index.php\/wp-json\/wp\/v2\/categories?post=23281"},{"taxonomy":"post_tag","embeddable":true,"href":"https:\/\/chacosintesis.com.ar\/index.php\/wp-json\/wp\/v2\/tags?post=23281"}],"curies":[{"name":"wp","href":"https:\/\/api.w.org\/{rel}","templated":true}]}}