{"id":23269,"date":"2023-07-04T16:46:15","date_gmt":"2023-07-04T19:46:15","guid":{"rendered":"https:\/\/chacosintesis.com.ar\/?p=23269"},"modified":"2023-07-04T17:06:55","modified_gmt":"2023-07-04T20:06:55","slug":"no-descarta-nuevas-detenciones-fiscal-confirmo-que-elementos-calcinados-en-la-casa-de-los-sena-eran-pertenencias-de-cecilia","status":"publish","type":"post","link":"https:\/\/chacosintesis.com.ar\/index.php\/no-descarta-nuevas-detenciones-fiscal-confirmo-que-elementos-calcinados-en-la-casa-de-los-sena-eran-pertenencias-de-cecilia\/","title":{"rendered":"No descarta nuevas detenciones: Fiscal confirm\u00f3 que elementos calcinados en la casa de los Sena \u201ceran pertenencias de Cecilia\u201d"},"content":{"rendered":"<p>Jorge C\u00e1ceres Olivera se refiri\u00f3 a los nuevos elementos probatorios hallados en el \u00faltimo d\u00eda, y adelant\u00f3 que no se descartan nuevas detenciones en tanto contin\u00fae la investigaci\u00f3n.<br \/>\nLa investigaci\u00f3n por la desaparici\u00f3n y presunto femicidio de Cecilia Strzyzowski contin\u00faa con la b\u00fasqueda de pruebas para determinar su posible desenlace y las imputaciones judiciales correspondientes. En las \u00faltimas horas, se hallaron pertenencias quemadas en la vivienda de la familia Sena que ser\u00edan de la joven, lo que podr\u00eda ratificar las sospechas fundadas.<br \/>\nSobre estas \u00faltimas novedades, el fiscal titular de la causa, Jorge C\u00e1ceres Olivera, confirm\u00f3 este que en la casa de Santa Mar\u00eda de Oro 1.465, perteneciente al matrimonio de Emerenciano Sena y Marcela Acu\u00f1a, \u201cse nos adelant\u00f3 por parte de Qu\u00edmica Legal que en uno de los dormitorios donde se realizaron muestras de luminol, uno de los hisopados arroj\u00f3 positivo a sangre humana\u201d, y agreg\u00f3 que ahora \u201cquedar\u00eda ver si pertenece a Cecilia\u201d. Esto, se\u00f1al\u00f3, estar\u00eda en \u201cuna semana o diez d\u00edas, lo que tarda el proceso\u201d.<br \/>\nAdem\u00e1s, el fiscal cont\u00f3 en comunicaci\u00f3n con Radio Libertad que hubo \u201cun segundo hallazgo en la parte posterior del inmueble, debajo de una escalera, donde hab\u00eda varios elementos en desuso\u201d. \u201cHab\u00eda una bolsa, y dentro de ella se hall\u00f3 un material que estaba calcinado, y al someterlo al microscopio se pudo advertir que eran pertenencias de Cecilia, tarjetas\u201d, confirm\u00f3.<br \/>\nPosible nuevo imputado<br \/>\nRespecto de lo declarado ayer por la Secretar\u00eda de Derechos Humanos y G\u00e9neros sobre la posibilidad de que exista un octavo implicado en el presunto femicidio, el fiscal se\u00f1al\u00f3 que \u201csoy de la teor\u00eda que hasta que no tengamos todos los elementos probatorios incorporados a la causa no se descarta que existan nuevas detenciones, porque quedan muchas pruebas por incorporarse\u201d.<br \/>\nEl pedido en cuesti\u00f3n fue encabezado por la directora de Litigios Estrat\u00e9gicos de la Secretar\u00eda, Nahir Barud, sobre quien el fiscal adelant\u00f3 que \u201ctendr\u00e9 una charla en el d\u00eda de la fecha para ver el inter\u00e9s sobre esa persona\u201d, y anticip\u00f3 que este posible nuevo involucrado \u201cser\u00eda un colaborador, al igual que Melgarejo y Reinoso. Conocido, amigo\u201d.<br \/>\nPruebas e hip\u00f3tesis<br \/>\nPor otro lado, C\u00e1ceres Olivera fue consultado sobre la declaraci\u00f3n de un testigo de identidad reservada en la jornada de ayer, sobre quien cont\u00f3 que \u201cpor lo que me pudieron adelantar era una persona que iba a suministrar dispositivos electr\u00f3nicos que podr\u00edan tener inter\u00e9s con la causa, eso va a quedar a \u00f3rdenes del juez de Garant\u00eda y analizar el contenido\u201d.<br \/>\nAdem\u00e1s, respecto de la \u00faltima carta de Marcela Acu\u00f1a analiz\u00f3 que \u201csabemos que hay una actitud defensiva por parte de las personas detenidas, de \u2018tirarse la pelota\u2019 uno a otro, y es deber de la Fiscal\u00eda recabar los elementos de pruebas para sostener la imputaci\u00f3n, que es lo que se hizo\u201d.  En esa l\u00ednea, insisti\u00f3 en la hip\u00f3tesis de posible muerte de Cecilia, y ratific\u00f3 que \u201clo que estamos sosteniendo en el auto de prisi\u00f3n preventiva es que aparentemente exist\u00eda un conflicto de \u00edndole econ\u00f3mico que deriv\u00f3 en la separaci\u00f3n vincular de C\u00e9sar y Cecilia, y a ra\u00edz de estas circunstancias empieza a haber una negociaci\u00f3n por cuestiones laborales, conseguir una vivienda, tener un ingreso fijo, y a consecuencia de esto es que la entrampan entre los tres y la llevan, en convivencia entre C\u00e9sar y sus padres, al domicilio\u201d. \u201cEl tema de coautor\u00eda no es necesario, en principio, tener determinado quien fue el autor material que dio el golpe certero, pero sabemos que sin la planificaci\u00f3n y el acuerdo de estas personas no habr\u00eda ocurrido\u201d, concluy\u00f3.<\/p>\n","protected":false},"excerpt":{"rendered":"<p>Jorge C\u00e1ceres Olivera se refiri\u00f3 a los nuevos elementos probatorios hallados en el \u00faltimo d\u00eda, y adelant\u00f3 que no se descartan nuevas detenciones en tanto contin\u00fae la investigaci\u00f3n. La investigaci\u00f3n por la desaparici\u00f3n y presunto femicidio de Cecilia Strzyzowski contin\u00faa con la b\u00fasqueda de pruebas para determinar su posible desenlace y las imputaciones judiciales correspondientes. [&hellip;]<\/p>\n","protected":false},"author":1,"featured_media":23270,"comment_status":"closed","ping_status":"closed","sticky":false,"template":"","format":"standard","meta":{"footnotes":""},"categories":[6],"tags":[],"class_list":{"0":"post-23269","1":"post","2":"type-post","3":"status-publish","4":"format-standard","5":"has-post-thumbnail","7":"category-chaco"},"_links":{"self":[{"href":"https:\/\/chacosintesis.com.ar\/index.php\/wp-json\/wp\/v2\/posts\/23269","targetHints":{"allow":["GET"]}}],"collection":[{"href":"https:\/\/chacosintesis.com.ar\/index.php\/wp-json\/wp\/v2\/posts"}],"about":[{"href":"https:\/\/chacosintesis.com.ar\/index.php\/wp-json\/wp\/v2\/types\/post"}],"author":[{"embeddable":true,"href":"https:\/\/chacosintesis.com.ar\/index.php\/wp-json\/wp\/v2\/users\/1"}],"replies":[{"embeddable":true,"href":"https:\/\/chacosintesis.com.ar\/index.php\/wp-json\/wp\/v2\/comments?post=23269"}],"version-history":[{"count":0,"href":"https:\/\/chacosintesis.com.ar\/index.php\/wp-json\/wp\/v2\/posts\/23269\/revisions"}],"wp:featuredmedia":[{"embeddable":true,"href":"https:\/\/chacosintesis.com.ar\/index.php\/wp-json\/wp\/v2\/media\/23270"}],"wp:attachment":[{"href":"https:\/\/chacosintesis.com.ar\/index.php\/wp-json\/wp\/v2\/media?parent=23269"}],"wp:term":[{"taxonomy":"category","embeddable":true,"href":"https:\/\/chacosintesis.com.ar\/index.php\/wp-json\/wp\/v2\/categories?post=23269"},{"taxonomy":"post_tag","embeddable":true,"href":"https:\/\/chacosintesis.com.ar\/index.php\/wp-json\/wp\/v2\/tags?post=23269"}],"curies":[{"name":"wp","href":"https:\/\/api.w.org\/{rel}","templated":true}]}}