{"id":23267,"date":"2023-07-04T16:44:09","date_gmt":"2023-07-04T19:44:09","guid":{"rendered":"https:\/\/chacosintesis.com.ar\/?p=23267"},"modified":"2023-07-04T17:06:55","modified_gmt":"2023-07-04T20:06:55","slug":"dia-internacional-del-libro-digital-duk-es-fundamental-que-el-libro-vaya-mutando-y-que-se-combinen-papel-y-formato-digital","status":"publish","type":"post","link":"https:\/\/chacosintesis.com.ar\/index.php\/dia-internacional-del-libro-digital-duk-es-fundamental-que-el-libro-vaya-mutando-y-que-se-combinen-papel-y-formato-digital\/","title":{"rendered":"D\u00eda internacional del libro digital: Duk, \u201cEs fundamental que el libro vaya mutando y que se combinen papel y formato digital\u201d"},"content":{"rendered":"<p>El propietario de una librer\u00eda y editorial chaque\u00f1a, se refiri\u00f3 a la combinaci\u00f3n entre la lectura en papel y las plataformas digitales.<br \/>\nEn el marco del D\u00eda Internacional del Libro Digital, Rub\u00e9n Duk, propietario de la librer\u00eda y editorial Contexto, se refiri\u00f3 a la fusi\u00f3n entre la lectura de libros de papel y el formato digital.<br \/>\nEl empresario manifest\u00f3 que \u201cen la \u00e9poca que vivimos, es fundamental que el libro  vaya mutando y que se combinen papel y formato digital\u201d. En este sentido, Duk se\u00f1al\u00f3 que desde esta editorial se construye un cat\u00e1logo con ambas propuestas. \u201cTenemos un cat\u00e1logo de casi 1.000 libros y gran parte de estos (300) est\u00e1n en formato digital\u201d, coment\u00f3.<br \/>\nAdem\u00e1s, dijo que Contexto trabaja con la metodolog\u00eda de adjuntar el formato digital a cada libro que se hace, para que las y los lectores \u201ctengan la opci\u00f3n\u201d.<br \/>\nDuk diferenci\u00f3 la lectura de libros t\u00e9cnicos y libros de distracci\u00f3n o entretenimiento. Coment\u00f3 que para los primeros, los lectores y lectoras prefieren el consumo digital, ya que se vincula a una necesidad de estudio o trabajo, mientras que para los libros de entretenimiento, como novelas, se elige m\u00e1s el formato de papel.<br \/>\nEl propietario de Contexto dijo que las universidades cuentan con su biblioteca digital, y que esto permite al estudiantado a acceder de forma gratuita a los libros y manuales.<\/p>\n<p>D\u00eda Internacional del libro digital<\/p>\n<p> A partir de una iniciativa de una empresa dedicada al pr\u00e9stamos de libros electr\u00f3nicos, el 4 de julio se celebra el D\u00eda Mundial del Ebook o D\u00eda Internacional del libro digital. Se trata de una propuesta para fomentar la lectura y la difusi\u00f3n libre de contenidos digitales, bajo la autorizaci\u00f3n de derechos de autor.<\/p>\n","protected":false},"excerpt":{"rendered":"<p>El propietario de una librer\u00eda y editorial chaque\u00f1a, se refiri\u00f3 a la combinaci\u00f3n entre la lectura en papel y las plataformas digitales. En el marco del D\u00eda Internacional del Libro Digital, Rub\u00e9n Duk, propietario de la librer\u00eda y editorial Contexto, se refiri\u00f3 a la fusi\u00f3n entre la lectura de libros de papel y el formato [&hellip;]<\/p>\n","protected":false},"author":1,"featured_media":23268,"comment_status":"closed","ping_status":"closed","sticky":false,"template":"","format":"standard","meta":{"footnotes":""},"categories":[6],"tags":[],"class_list":{"0":"post-23267","1":"post","2":"type-post","3":"status-publish","4":"format-standard","5":"has-post-thumbnail","7":"category-chaco"},"_links":{"self":[{"href":"https:\/\/chacosintesis.com.ar\/index.php\/wp-json\/wp\/v2\/posts\/23267","targetHints":{"allow":["GET"]}}],"collection":[{"href":"https:\/\/chacosintesis.com.ar\/index.php\/wp-json\/wp\/v2\/posts"}],"about":[{"href":"https:\/\/chacosintesis.com.ar\/index.php\/wp-json\/wp\/v2\/types\/post"}],"author":[{"embeddable":true,"href":"https:\/\/chacosintesis.com.ar\/index.php\/wp-json\/wp\/v2\/users\/1"}],"replies":[{"embeddable":true,"href":"https:\/\/chacosintesis.com.ar\/index.php\/wp-json\/wp\/v2\/comments?post=23267"}],"version-history":[{"count":0,"href":"https:\/\/chacosintesis.com.ar\/index.php\/wp-json\/wp\/v2\/posts\/23267\/revisions"}],"wp:featuredmedia":[{"embeddable":true,"href":"https:\/\/chacosintesis.com.ar\/index.php\/wp-json\/wp\/v2\/media\/23268"}],"wp:attachment":[{"href":"https:\/\/chacosintesis.com.ar\/index.php\/wp-json\/wp\/v2\/media?parent=23267"}],"wp:term":[{"taxonomy":"category","embeddable":true,"href":"https:\/\/chacosintesis.com.ar\/index.php\/wp-json\/wp\/v2\/categories?post=23267"},{"taxonomy":"post_tag","embeddable":true,"href":"https:\/\/chacosintesis.com.ar\/index.php\/wp-json\/wp\/v2\/tags?post=23267"}],"curies":[{"name":"wp","href":"https:\/\/api.w.org\/{rel}","templated":true}]}}