{"id":23263,"date":"2023-07-04T16:35:09","date_gmt":"2023-07-04T19:35:09","guid":{"rendered":"https:\/\/chacosintesis.com.ar\/?p=23263"},"modified":"2023-07-04T16:36:47","modified_gmt":"2023-07-04T19:36:47","slug":"productos-chaquenos-a-precios-justos-donde-estaran-los-mercados-populares-en-julio","status":"publish","type":"post","link":"https:\/\/chacosintesis.com.ar\/index.php\/productos-chaquenos-a-precios-justos-donde-estaran-los-mercados-populares-en-julio\/","title":{"rendered":"Productos chaque\u00f1os a precios justos: \u00bfD\u00f3nde estar\u00e1n los mercados populares en julio?"},"content":{"rendered":"<p>Los operativos se desarrollar\u00e1n, de 9 a 13, en las plazas Espa\u00f1a e Integraci\u00f3n, inmediaciones de la UNNE y en el Almac\u00e9n Popular en Barranqueras, para que vecinas y vecinos accedan al compre local.<br \/>\nEl Ministerio de Desarrollo Social realizar\u00e1 durante julio nuevas ediciones de los Mercados Populares en Resistencia y Barranqueras, donde vecinas y vecinos podr\u00e1n adquirir alimentos frescos, distintos tipos de producciones y artesan\u00edas de emprendedores y unidades productivas chaque\u00f1as, a precios accesibles. Los Mercados Populares se desarrollar\u00e1n el viernes 7 de julio en la Universidad Nacional del Nordeste (Avenida Las Heras 727), y el s\u00e1bado 8 de julio en el Almac\u00e9n Popular de Barranqueras (avenida Castelli, entre calles Tatan\u00e9 y Nicol\u00e1s Rojas Acosta). Las siguientes ediciones ser\u00e1n el viernes 14 en Plaza Paseo Sur (Avenida Belgrano y calle Falucho), y el s\u00e1bado 15 en Plaza de la Integraci\u00f3n (intersecci\u00f3n de Avenidas 9 de Julio y Espa\u00f1a). Todos los operativos se desarrollar\u00e1n de 9 a 13. Se podr\u00e1n adquirir distintos tipos de cortes de carnes, pescados, panificados, verduras, huevos, l\u00e1cteos, conservas, hasta distintas artesan\u00edas y producciones realizadas por emprendedores locales. De esta manera el gobierno provincial promueve la comercializaci\u00f3n de alimentos y variados productos de calidad, 100% chaque\u00f1os y a precios justos. La Unidad Ejecutora de Pol\u00edticas Sociales brinda peri\u00f3dicamente a las y los emprendedores, capacitaciones sobre educaci\u00f3n financiera y tributaria, entre otras estrategias para posicionamiento de productos por canales digitales. El objetivo es incrementar las ventas y aumentar oportunidades de trabajo autogestado, fortaleciendo la econom\u00eda social y popular. En estas ediciones en la capital del Chaco, los d\u00edas viernes en los mismos d\u00edas y horarios, se sumar\u00e1n equipos del Ministerio de Salud P\u00fablica, con postas sanitarias de vacunaci\u00f3n para vecinas y vecinos interesados.<\/p>\n<p>Fomentar el emprendedurismo chaque\u00f1o<\/p>\n<p>La cartera social contin\u00faa articulando con municipios de toda la provincia, a fin de posibilitar mayores oportunidades de producci\u00f3n, elaboraci\u00f3n, comercializaci\u00f3n y adquisici\u00f3n de productos chaque\u00f1os de primera calidad, sin intermediaci\u00f3n y a precios justos. Se busca garantizar el acompa\u00f1amiento integral a familias emprendedoras y a unidades productivas, para que cuenten con espacios adecuados y mayores posibilidades de comercializaci\u00f3n en ferias locales, mercados y almacenes populares.<\/p>\n<p>C\u00f3mo ser parte de los mercados<br \/>\nLas y los emprendedores interesados en participar de los Mercados Populares, deben ingresar a <a href=\"https:\/\/emprendemos.chaco.gob.ar\/\">emprendemos.chaco.gob.ar\/<\/a>, o bien acercarse a los municipios adheridos. En Resistencia deben dirigirse a Avenida San Mart\u00edn 266, sede de la Unidad Ejecutora de Pol\u00edticas Sociales, comunicarse por tel\u00e9fono al 362-4742371, o bien por correo electr\u00f3nico a: <a href=\"mailto:emprendemostodos@chaco.gob.ar\" >emprendemostodos@chaco.gob.ar<\/a><\/p>\n<p>Acceso gratuito al transporte p\u00fablico<br \/>\nPara facilitar el acceso a los Mercados Populares de julio, la Subsecretar\u00eda de Transporte dispuso el traslado gratuito en las l\u00edneas de colectivos 104, 106 y 110, exclusivamente en dos horarios: 9 y 12.30, adem\u00e1s el viaje sin costo ser\u00e1 solamente en las unidades identificadas. De esta manera, el viernes 7 de julio el operativo en inmediaciones de la UNNE, no contar\u00e1 con transporte gratuito. El s\u00e1bado 8 funcionar\u00e1n las l\u00edneas 104 y 106 C para asistir al Almac\u00e9n Popular en Barranqueras, continuando el viernes 14 con las l\u00edneas 106 A y 106 B con destino a Plaza Paseo Sur, y el s\u00e1bado 15 para dirigirse a la Plaza de la Integraci\u00f3n, vecinas y vecinos contar\u00e1n con el transporte gratuito de las l\u00edneas 110, 106 A y B.<\/p>\n","protected":false},"excerpt":{"rendered":"<p>Los operativos se desarrollar\u00e1n, de 9 a 13, en las plazas Espa\u00f1a e Integraci\u00f3n, inmediaciones de la UNNE y en el Almac\u00e9n Popular en Barranqueras, para que vecinas y vecinos accedan al compre local. El Ministerio de Desarrollo Social realizar\u00e1 durante julio nuevas ediciones de los Mercados Populares en Resistencia y Barranqueras, donde vecinas y [&hellip;]<\/p>\n","protected":false},"author":1,"featured_media":23264,"comment_status":"closed","ping_status":"closed","sticky":false,"template":"","format":"standard","meta":{"footnotes":""},"categories":[6],"tags":[],"class_list":{"0":"post-23263","1":"post","2":"type-post","3":"status-publish","4":"format-standard","5":"has-post-thumbnail","7":"category-chaco"},"_links":{"self":[{"href":"https:\/\/chacosintesis.com.ar\/index.php\/wp-json\/wp\/v2\/posts\/23263","targetHints":{"allow":["GET"]}}],"collection":[{"href":"https:\/\/chacosintesis.com.ar\/index.php\/wp-json\/wp\/v2\/posts"}],"about":[{"href":"https:\/\/chacosintesis.com.ar\/index.php\/wp-json\/wp\/v2\/types\/post"}],"author":[{"embeddable":true,"href":"https:\/\/chacosintesis.com.ar\/index.php\/wp-json\/wp\/v2\/users\/1"}],"replies":[{"embeddable":true,"href":"https:\/\/chacosintesis.com.ar\/index.php\/wp-json\/wp\/v2\/comments?post=23263"}],"version-history":[{"count":0,"href":"https:\/\/chacosintesis.com.ar\/index.php\/wp-json\/wp\/v2\/posts\/23263\/revisions"}],"wp:featuredmedia":[{"embeddable":true,"href":"https:\/\/chacosintesis.com.ar\/index.php\/wp-json\/wp\/v2\/media\/23264"}],"wp:attachment":[{"href":"https:\/\/chacosintesis.com.ar\/index.php\/wp-json\/wp\/v2\/media?parent=23263"}],"wp:term":[{"taxonomy":"category","embeddable":true,"href":"https:\/\/chacosintesis.com.ar\/index.php\/wp-json\/wp\/v2\/categories?post=23263"},{"taxonomy":"post_tag","embeddable":true,"href":"https:\/\/chacosintesis.com.ar\/index.php\/wp-json\/wp\/v2\/tags?post=23263"}],"curies":[{"name":"wp","href":"https:\/\/api.w.org\/{rel}","templated":true}]}}