{"id":23241,"date":"2023-07-04T16:06:58","date_gmt":"2023-07-04T19:06:58","guid":{"rendered":"https:\/\/chacosintesis.com.ar\/?p=23241"},"modified":"2023-07-04T16:08:40","modified_gmt":"2023-07-04T19:08:40","slug":"al-shabab-de-arabia-saudita-ofrece-al-psg-20-millones-de-euros-por-mauro-icardi","status":"publish","type":"post","link":"https:\/\/chacosintesis.com.ar\/index.php\/al-shabab-de-arabia-saudita-ofrece-al-psg-20-millones-de-euros-por-mauro-icardi\/","title":{"rendered":"Al-Shabab de Arabia Saudita ofrece al PSG 20 millones de euros por Mauro Icardi"},"content":{"rendered":"<p>Al-Shabab, equipo que finaliz\u00f3 cuarto en el pasado certamen \u00e1rabe de f\u00fatbol, hizo un ofrecimiento por 20 millones de euros por el delantero Mauro Icardi al Par\u00eds Saint Germain (PSG) de Francia, donde el entrenador espa\u00f1ol Luis Enrique no lo tiene como prioridad.<br \/>\nCorriere della Sera inform\u00f3 que el delantero, quien jug\u00f3 en la pasada temporada a pr\u00e9stamo en el Galatasaray, fue tentado por los \u00e1rabes con un ofrecimiento de 80 millones de euros en dos temporadas<br \/>\nEl contrato de Icardi con PSG culminar\u00e1 reci\u00e9n el 30 de junio de 2024 y el rosarino ten\u00eda todo acordado para renovar su pr\u00e9stamo en Turqu\u00eda, pero este ofrecimiento podr\u00eda variar los pasos del delantero argentino.<br \/>\nIcardi, rosarino de 30 a\u00f1os, se inici\u00f3 en los juveniles del Barcelona y como profesional jug\u00f3 en Italia en Sampdoria e Inter, luego en el PSG y finalmente en el Galatasaray, donde brill\u00f3 con 23 tantos en 26 partidos y obtuvo el t\u00edtulo de campe\u00f3n de la Superliga turca.<br \/>\nFuente: T\u00e9lam<\/p>\n","protected":false},"excerpt":{"rendered":"<p>Al-Shabab, equipo que finaliz\u00f3 cuarto en el pasado certamen \u00e1rabe de f\u00fatbol, hizo un ofrecimiento por 20 millones de euros por el delantero Mauro Icardi al Par\u00eds Saint Germain (PSG) de Francia, donde el entrenador espa\u00f1ol Luis Enrique no lo tiene como prioridad. Corriere della Sera inform\u00f3 que el delantero, quien jug\u00f3 en la pasada [&hellip;]<\/p>\n","protected":false},"author":1,"featured_media":23242,"comment_status":"closed","ping_status":"closed","sticky":false,"template":"","format":"standard","meta":{"footnotes":""},"categories":[6],"tags":[],"class_list":{"0":"post-23241","1":"post","2":"type-post","3":"status-publish","4":"format-standard","5":"has-post-thumbnail","7":"category-chaco"},"_links":{"self":[{"href":"https:\/\/chacosintesis.com.ar\/index.php\/wp-json\/wp\/v2\/posts\/23241","targetHints":{"allow":["GET"]}}],"collection":[{"href":"https:\/\/chacosintesis.com.ar\/index.php\/wp-json\/wp\/v2\/posts"}],"about":[{"href":"https:\/\/chacosintesis.com.ar\/index.php\/wp-json\/wp\/v2\/types\/post"}],"author":[{"embeddable":true,"href":"https:\/\/chacosintesis.com.ar\/index.php\/wp-json\/wp\/v2\/users\/1"}],"replies":[{"embeddable":true,"href":"https:\/\/chacosintesis.com.ar\/index.php\/wp-json\/wp\/v2\/comments?post=23241"}],"version-history":[{"count":0,"href":"https:\/\/chacosintesis.com.ar\/index.php\/wp-json\/wp\/v2\/posts\/23241\/revisions"}],"wp:featuredmedia":[{"embeddable":true,"href":"https:\/\/chacosintesis.com.ar\/index.php\/wp-json\/wp\/v2\/media\/23242"}],"wp:attachment":[{"href":"https:\/\/chacosintesis.com.ar\/index.php\/wp-json\/wp\/v2\/media?parent=23241"}],"wp:term":[{"taxonomy":"category","embeddable":true,"href":"https:\/\/chacosintesis.com.ar\/index.php\/wp-json\/wp\/v2\/categories?post=23241"},{"taxonomy":"post_tag","embeddable":true,"href":"https:\/\/chacosintesis.com.ar\/index.php\/wp-json\/wp\/v2\/tags?post=23241"}],"curies":[{"name":"wp","href":"https:\/\/api.w.org\/{rel}","templated":true}]}}