{"id":23239,"date":"2023-07-04T16:05:48","date_gmt":"2023-07-04T19:05:48","guid":{"rendered":"https:\/\/chacosintesis.com.ar\/?p=23239"},"modified":"2023-07-04T16:08:39","modified_gmt":"2023-07-04T19:08:39","slug":"hasta-el-4-de-agosto-se-encuentra-abierta-la-inscripcion-a-la-actualizacion-en-recursos-digitales-para-bibliotecas","status":"publish","type":"post","link":"https:\/\/chacosintesis.com.ar\/index.php\/hasta-el-4-de-agosto-se-encuentra-abierta-la-inscripcion-a-la-actualizacion-en-recursos-digitales-para-bibliotecas\/","title":{"rendered":"Hasta el 4 de Agosto: Se encuentra abierta la inscripci\u00f3n a la Actualizaci\u00f3n en Recursos Digitales para Bibliotecas"},"content":{"rendered":"<p>Se trata de un post\u00edtulo que se dictar\u00e1 de manera virtual, con una duraci\u00f3n de ocho meses.<br \/>\nHasta el 4 de agosto se encuentra la inscripci\u00f3n a la  Actualizaci\u00f3n Acad\u00e9mica en Recursos Digitales para Bibliotecas, un post\u00edtulo que se dictar\u00e1 de manera virtual con el objetivo de actualizar contenidos y continuar la formaci\u00f3n.<br \/>\nEn relaci\u00f3n a ello, Fernando Acevedo, presidente de la Asociaci\u00f3n Chaque\u00f1a de Bibliotecarios, en di\u00e1logo con Chaco TV, cont\u00f3 que se trata de una formaci\u00f3n que \u201cse dict\u00f3 tambi\u00e9n el a\u00f1o pasado, por medio del Instituto Rodolfo Walsh, a quien agradecemos la colaboraci\u00f3n y el aporte que realizan a los bibliotecarios\u201d. \u201cSon los que nos est\u00e1n conteniendo para poder formarnos en lo que tiene que ver con los recursos digitales y la tecnolog\u00eda\u201d, destac\u00f3.<br \/>\nAcevedo tambi\u00e9n expres\u00f3: \u201cEs una manera de ir abordando la demanda que est\u00e1 surgiendo y tiene que ver con las nuevas tecnolog\u00edas, con estar cada vez m\u00e1s cerca de las funciones digitales y las competencias que tienen que ir adquiriendo nuestros colegas bibliotecarios\u201d.<br \/>\nAsimismo explic\u00f3 que \u201cel Instituto Rodolfo Walsh nos provee de la plataforma educativa, toda la cursada es virtual\u201d. \u201cSon ocho meses de recorrido, con un receso de verano y luego se retoma en febrero\u201d, detall\u00f3 el presidente de ACHABI.<br \/>\nLa cursada comenzar\u00e1 el 4 de agosto y la inscripci\u00f3n puede realizarse a trav\u00e9s del siguiente enlace  <a href=\"http:\/\/www.achabi.com.ar\/digital\">www.achabi.com.ar\/digital<\/a>. \u201cEst\u00e1n invitados todos los bibliotecarios de la provincia y del pa\u00eds\u201d, concluy\u00f3 Acevedo.<\/p>\n","protected":false},"excerpt":{"rendered":"<p>Se trata de un post\u00edtulo que se dictar\u00e1 de manera virtual, con una duraci\u00f3n de ocho meses. Hasta el 4 de agosto se encuentra la inscripci\u00f3n a la Actualizaci\u00f3n Acad\u00e9mica en Recursos Digitales para Bibliotecas, un post\u00edtulo que se dictar\u00e1 de manera virtual con el objetivo de actualizar contenidos y continuar la formaci\u00f3n. En relaci\u00f3n [&hellip;]<\/p>\n","protected":false},"author":1,"featured_media":23240,"comment_status":"closed","ping_status":"closed","sticky":false,"template":"","format":"standard","meta":{"footnotes":""},"categories":[6],"tags":[],"class_list":{"0":"post-23239","1":"post","2":"type-post","3":"status-publish","4":"format-standard","5":"has-post-thumbnail","7":"category-chaco"},"_links":{"self":[{"href":"https:\/\/chacosintesis.com.ar\/index.php\/wp-json\/wp\/v2\/posts\/23239","targetHints":{"allow":["GET"]}}],"collection":[{"href":"https:\/\/chacosintesis.com.ar\/index.php\/wp-json\/wp\/v2\/posts"}],"about":[{"href":"https:\/\/chacosintesis.com.ar\/index.php\/wp-json\/wp\/v2\/types\/post"}],"author":[{"embeddable":true,"href":"https:\/\/chacosintesis.com.ar\/index.php\/wp-json\/wp\/v2\/users\/1"}],"replies":[{"embeddable":true,"href":"https:\/\/chacosintesis.com.ar\/index.php\/wp-json\/wp\/v2\/comments?post=23239"}],"version-history":[{"count":0,"href":"https:\/\/chacosintesis.com.ar\/index.php\/wp-json\/wp\/v2\/posts\/23239\/revisions"}],"wp:featuredmedia":[{"embeddable":true,"href":"https:\/\/chacosintesis.com.ar\/index.php\/wp-json\/wp\/v2\/media\/23240"}],"wp:attachment":[{"href":"https:\/\/chacosintesis.com.ar\/index.php\/wp-json\/wp\/v2\/media?parent=23239"}],"wp:term":[{"taxonomy":"category","embeddable":true,"href":"https:\/\/chacosintesis.com.ar\/index.php\/wp-json\/wp\/v2\/categories?post=23239"},{"taxonomy":"post_tag","embeddable":true,"href":"https:\/\/chacosintesis.com.ar\/index.php\/wp-json\/wp\/v2\/tags?post=23239"}],"curies":[{"name":"wp","href":"https:\/\/api.w.org\/{rel}","templated":true}]}}