{"id":23237,"date":"2023-07-04T15:57:27","date_gmt":"2023-07-04T18:57:27","guid":{"rendered":"https:\/\/chacosintesis.com.ar\/?p=23237"},"modified":"2023-07-04T16:08:39","modified_gmt":"2023-07-04T19:08:39","slug":"el-gobierno-ejecutara-obras-estrategicas-para-margarita-belen","status":"publish","type":"post","link":"https:\/\/chacosintesis.com.ar\/index.php\/el-gobierno-ejecutara-obras-estrategicas-para-margarita-belen\/","title":{"rendered":"El gobierno ejecutar\u00e1 obras estrat\u00e9gicas para Margarita Bel\u00e9n"},"content":{"rendered":"<p>La ministra Soneira y el intendente Mart\u00ednez acordaron la construcci\u00f3n de un vivero municipal y avanzar en la adquisici\u00f3n y loteo de las nuevas tierras urbanas para la ampliaci\u00f3n de la trama urban\u00edstica de la localidad.<br \/>\nLa ministra de Ambiente y Desarrollo Territorial Sostenible, Marta Soneira, se reuni\u00f3 con el intendente de Margarita Bel\u00e9n, Javier Mart\u00ednez, para avanzar en la agenda de trabajo conjunto y obras previstas para esta etapa. En ese contexto adelant\u00f3 que iniciar\u00e1 la construcci\u00f3n del vivero municipal y se avanzar\u00e1 en la adquisici\u00f3n y loteo de las nuevas tierras urbanas para la ampliaci\u00f3n de la trama urban\u00edstica de la ciudad. \u201cContinuamos trabajando en conjunto para mejorar la calidad de vida de la comunidad de toda la zona\u201d, asegur\u00f3.<br \/>\nEl futuro vivero municipal permitir\u00e1 contar con un espacio para implementar pol\u00edticas ambientales y fomentar la conciencia del cuidado del ambiente en la poblaci\u00f3n y la interacci\u00f3n de las distintas instituciones educativas. \u201cQueremos que esta localidad tenga un centro de formaci\u00f3n y entendimiento de una nueva conciencia ambiental que tenemos que tener cada uno de los vecinos y vecinas\u201d, remarc\u00f3 Soneira.<br \/>\nDe igual manera acordaron avanzar en la ampliaci\u00f3n de la trama urban\u00edstica de la ciudad. \u201cFelicitamos a la actual gesti\u00f3n municipal y a toda la comunidad de Margarita Bel\u00e9n por este enorme desaf\u00edo de trabajar r\u00e1pidamente en todos estos proyectos ambientales y urban\u00edsticos; juntos vamos a construir un Chaco m\u00e1s sostenible\u201d, finaliz\u00f3.<\/p>\n","protected":false},"excerpt":{"rendered":"<p>La ministra Soneira y el intendente Mart\u00ednez acordaron la construcci\u00f3n de un vivero municipal y avanzar en la adquisici\u00f3n y loteo de las nuevas tierras urbanas para la ampliaci\u00f3n de la trama urban\u00edstica de la localidad. La ministra de Ambiente y Desarrollo Territorial Sostenible, Marta Soneira, se reuni\u00f3 con el intendente de Margarita Bel\u00e9n, Javier [&hellip;]<\/p>\n","protected":false},"author":1,"featured_media":23238,"comment_status":"closed","ping_status":"closed","sticky":false,"template":"","format":"standard","meta":{"footnotes":""},"categories":[6],"tags":[],"class_list":{"0":"post-23237","1":"post","2":"type-post","3":"status-publish","4":"format-standard","5":"has-post-thumbnail","7":"category-chaco"},"_links":{"self":[{"href":"https:\/\/chacosintesis.com.ar\/index.php\/wp-json\/wp\/v2\/posts\/23237","targetHints":{"allow":["GET"]}}],"collection":[{"href":"https:\/\/chacosintesis.com.ar\/index.php\/wp-json\/wp\/v2\/posts"}],"about":[{"href":"https:\/\/chacosintesis.com.ar\/index.php\/wp-json\/wp\/v2\/types\/post"}],"author":[{"embeddable":true,"href":"https:\/\/chacosintesis.com.ar\/index.php\/wp-json\/wp\/v2\/users\/1"}],"replies":[{"embeddable":true,"href":"https:\/\/chacosintesis.com.ar\/index.php\/wp-json\/wp\/v2\/comments?post=23237"}],"version-history":[{"count":0,"href":"https:\/\/chacosintesis.com.ar\/index.php\/wp-json\/wp\/v2\/posts\/23237\/revisions"}],"wp:featuredmedia":[{"embeddable":true,"href":"https:\/\/chacosintesis.com.ar\/index.php\/wp-json\/wp\/v2\/media\/23238"}],"wp:attachment":[{"href":"https:\/\/chacosintesis.com.ar\/index.php\/wp-json\/wp\/v2\/media?parent=23237"}],"wp:term":[{"taxonomy":"category","embeddable":true,"href":"https:\/\/chacosintesis.com.ar\/index.php\/wp-json\/wp\/v2\/categories?post=23237"},{"taxonomy":"post_tag","embeddable":true,"href":"https:\/\/chacosintesis.com.ar\/index.php\/wp-json\/wp\/v2\/tags?post=23237"}],"curies":[{"name":"wp","href":"https:\/\/api.w.org\/{rel}","templated":true}]}}