{"id":23233,"date":"2023-07-04T15:50:16","date_gmt":"2023-07-04T18:50:16","guid":{"rendered":"https:\/\/chacosintesis.com.ar\/?p=23233"},"modified":"2023-07-04T16:08:38","modified_gmt":"2023-07-04T19:08:38","slug":"las-escuelas-publicas-de-gestion-social-fueron-creadas-con-el-objetivo-de-atender-sectores-de-la-poblacion-en-situacion-de-vulnerabilidad-social","status":"publish","type":"post","link":"https:\/\/chacosintesis.com.ar\/index.php\/las-escuelas-publicas-de-gestion-social-fueron-creadas-con-el-objetivo-de-atender-sectores-de-la-poblacion-en-situacion-de-vulnerabilidad-social\/","title":{"rendered":"&#8220;Las Escuelas P\u00fablicas de Gesti\u00f3n Social fueron creadas con el objetivo de atender sectores de la poblaci\u00f3n en situaci\u00f3n de vulnerabilidad social&#8221;"},"content":{"rendered":"<p>El ministro de Educaci\u00f3n se refiri\u00f3 al proyecto de ley presentado por el Poder Ejecutivo que busca establecer la regulaci\u00f3n normativa de las Escuelas P\u00fablicas de Gesti\u00f3n Social.<br \/>\nAldo Lineras, ministro de Educaci\u00f3n de la provincia del Chaco, habl\u00f3 con Radio Provincia del Chaco tras la reuni\u00f3n extraordinaria de la Comisi\u00f3n de Educaci\u00f3n del Poder Legislativo, presidida por la diputada Mariela Quir\u00f3s, y se refiri\u00f3 al proyecto de ley presentado por el Poder Ejecutivo que busca establecer la regulaci\u00f3n normativa de las Escuelas P\u00fablicas de Gesti\u00f3n Social. \u201cHace falta decir cuando se crea una escuela de gesti\u00f3n social, en qu\u00e9 condiciones, qui\u00e9n las puede crear y cu\u00e1les son los requisitos necesarios\u201d, manifest\u00f3.<br \/>\nEn ese sentido, Lineras explic\u00f3 que el objetivo de la convocatoria fue tratar este proyecto que implica a las Escuelas P\u00fablicas de Gesti\u00f3n Social. Cabe destacar que las E.P.G. son unidades educativas impulsadas por distintos tipos de organizaciones sociales, fundaciones, asociaciones civiles sin fines de lucro, \u201clas cuales sostienen pr\u00e1cticas educativas de car\u00e1cter universal, gratuitas, y que fueron creadas con el objetivo de atender sectores de la poblaci\u00f3n en situaci\u00f3n de vulnerabilidad social\u201d.<br \/>\n\u201cEstamos garantizando el servicio educativo p\u00fablico\u201d, expres\u00f3 Lineras. No obstante, habl\u00f3 de la importancia de gestionar leyes espec\u00edficas para la educaci\u00f3n p\u00fablica, es decir, la creaci\u00f3n de marcos y normativas para crear escuelas con determinadas caracter\u00edsticas. \u201cLas leyes no se hacen de una vez y para siempre. Cuando uno toca alg\u00fan aspecto espec\u00edfico, hay que ir cambiando constantemente la ley general\u201d, manifest\u00f3 el ministro, y agreg\u00f3: \u201cLa ley general puede ser m\u00e1s estable y las que vayan cambiando sean las leyes espec\u00edficas\u201d.<br \/>\nPor \u00faltimo, Lineras remarc\u00f3 la importancia de los proyectos para las escuelas de gesti\u00f3n social, as\u00ed como tambi\u00e9n de la gesti\u00f3n de leyes espec\u00edficas para que se pueda conocer tanto sus derechos como sus aplicaciones. Actualmente este tipo de servicios educativos se gu\u00edan por las leyes de educaci\u00f3n nacionales y provinciales, adem\u00e1s de resoluciones del Ministerio. \u201cYo tengo esperanza y expectativa de que haya voluntad pol\u00edtica para que la semana que viene se complete el despacho, que se escuchen las objeciones necesarias y que podamos avanzar con la ley\u201d, concluy\u00f3.<\/p>\n","protected":false},"excerpt":{"rendered":"<p>El ministro de Educaci\u00f3n se refiri\u00f3 al proyecto de ley presentado por el Poder Ejecutivo que busca establecer la regulaci\u00f3n normativa de las Escuelas P\u00fablicas de Gesti\u00f3n Social. Aldo Lineras, ministro de Educaci\u00f3n de la provincia del Chaco, habl\u00f3 con Radio Provincia del Chaco tras la reuni\u00f3n extraordinaria de la Comisi\u00f3n de Educaci\u00f3n del Poder [&hellip;]<\/p>\n","protected":false},"author":1,"featured_media":23234,"comment_status":"closed","ping_status":"closed","sticky":false,"template":"","format":"standard","meta":{"footnotes":""},"categories":[6],"tags":[],"class_list":{"0":"post-23233","1":"post","2":"type-post","3":"status-publish","4":"format-standard","5":"has-post-thumbnail","7":"category-chaco"},"_links":{"self":[{"href":"https:\/\/chacosintesis.com.ar\/index.php\/wp-json\/wp\/v2\/posts\/23233","targetHints":{"allow":["GET"]}}],"collection":[{"href":"https:\/\/chacosintesis.com.ar\/index.php\/wp-json\/wp\/v2\/posts"}],"about":[{"href":"https:\/\/chacosintesis.com.ar\/index.php\/wp-json\/wp\/v2\/types\/post"}],"author":[{"embeddable":true,"href":"https:\/\/chacosintesis.com.ar\/index.php\/wp-json\/wp\/v2\/users\/1"}],"replies":[{"embeddable":true,"href":"https:\/\/chacosintesis.com.ar\/index.php\/wp-json\/wp\/v2\/comments?post=23233"}],"version-history":[{"count":0,"href":"https:\/\/chacosintesis.com.ar\/index.php\/wp-json\/wp\/v2\/posts\/23233\/revisions"}],"wp:featuredmedia":[{"embeddable":true,"href":"https:\/\/chacosintesis.com.ar\/index.php\/wp-json\/wp\/v2\/media\/23234"}],"wp:attachment":[{"href":"https:\/\/chacosintesis.com.ar\/index.php\/wp-json\/wp\/v2\/media?parent=23233"}],"wp:term":[{"taxonomy":"category","embeddable":true,"href":"https:\/\/chacosintesis.com.ar\/index.php\/wp-json\/wp\/v2\/categories?post=23233"},{"taxonomy":"post_tag","embeddable":true,"href":"https:\/\/chacosintesis.com.ar\/index.php\/wp-json\/wp\/v2\/tags?post=23233"}],"curies":[{"name":"wp","href":"https:\/\/api.w.org\/{rel}","templated":true}]}}