{"id":23231,"date":"2023-07-04T15:49:03","date_gmt":"2023-07-04T18:49:03","guid":{"rendered":"https:\/\/chacosintesis.com.ar\/?p=23231"},"modified":"2023-07-04T16:08:37","modified_gmt":"2023-07-04T19:08:37","slug":"inclusion-social-evaluan-el-progreso-de-las-obras-en-escuelas-y-centros-de-desarrollo-infantil","status":"publish","type":"post","link":"https:\/\/chacosintesis.com.ar\/index.php\/inclusion-social-evaluan-el-progreso-de-las-obras-en-escuelas-y-centros-de-desarrollo-infantil\/","title":{"rendered":"Inclusi\u00f3n social: Eval\u00faan el progreso de las obras en escuelas y Centros de Desarrollo Infantil"},"content":{"rendered":"<p>En sus redes sociales, el mandatario provincial inform\u00f3 que tambi\u00e9n evaluaron el impacto de las obras recientemente inauguradas.<br \/>\nEste martes, el gobernador Jorge Capitanich se reuni\u00f3 con la intendenta de Charata, Alejandra Campos,  para revisar los avances de las obras en curso en esa localidad y las que se llevar\u00e1n adelante. En sus redes sociales, el mandatario provincial inform\u00f3 que tambi\u00e9n evaluaron el impacto de las obras recientemente inauguradas. &#8220;Repasamos el progreso de la obra de la Escuela N\u00b01027 y la Escuela de Educaci\u00f3n Especial, que representa nuestro firme compromiso de inclusi\u00f3n social y por brindar un espacio de aprendizaje \u00f3ptimo y seguro para alumnos y alumnas&#8221;, dijo Capitanich y agreg\u00f3 &#8220;el Centro de Desarrollo Infantil y el nuevo edificio del Espacio Convivencial Alternativo, ser\u00e1n espacios de encuentro e integraci\u00f3n donde nuestros peque\u00f1os crecer\u00e1n y aprender\u00e1n en un ambiente estimulante y seguro&#8221;. Adem\u00e1s, revisaron los avances de las obras de pavimento urbano &#8220;para mejorar la movilidad y la calidad de vida de todos los vecinos, y la construcci\u00f3n de nuevas viviendas, que brindar\u00e1n hogares dignos a m\u00e1s familias de Charata&#8221;, concluy\u00f3 el gobernador.<\/p>\n","protected":false},"excerpt":{"rendered":"<p>En sus redes sociales, el mandatario provincial inform\u00f3 que tambi\u00e9n evaluaron el impacto de las obras recientemente inauguradas. Este martes, el gobernador Jorge Capitanich se reuni\u00f3 con la intendenta de Charata, Alejandra Campos, para revisar los avances de las obras en curso en esa localidad y las que se llevar\u00e1n adelante. En sus redes sociales, [&hellip;]<\/p>\n","protected":false},"author":1,"featured_media":23232,"comment_status":"closed","ping_status":"closed","sticky":false,"template":"","format":"standard","meta":{"footnotes":""},"categories":[6],"tags":[],"class_list":{"0":"post-23231","1":"post","2":"type-post","3":"status-publish","4":"format-standard","5":"has-post-thumbnail","7":"category-chaco"},"_links":{"self":[{"href":"https:\/\/chacosintesis.com.ar\/index.php\/wp-json\/wp\/v2\/posts\/23231","targetHints":{"allow":["GET"]}}],"collection":[{"href":"https:\/\/chacosintesis.com.ar\/index.php\/wp-json\/wp\/v2\/posts"}],"about":[{"href":"https:\/\/chacosintesis.com.ar\/index.php\/wp-json\/wp\/v2\/types\/post"}],"author":[{"embeddable":true,"href":"https:\/\/chacosintesis.com.ar\/index.php\/wp-json\/wp\/v2\/users\/1"}],"replies":[{"embeddable":true,"href":"https:\/\/chacosintesis.com.ar\/index.php\/wp-json\/wp\/v2\/comments?post=23231"}],"version-history":[{"count":0,"href":"https:\/\/chacosintesis.com.ar\/index.php\/wp-json\/wp\/v2\/posts\/23231\/revisions"}],"wp:featuredmedia":[{"embeddable":true,"href":"https:\/\/chacosintesis.com.ar\/index.php\/wp-json\/wp\/v2\/media\/23232"}],"wp:attachment":[{"href":"https:\/\/chacosintesis.com.ar\/index.php\/wp-json\/wp\/v2\/media?parent=23231"}],"wp:term":[{"taxonomy":"category","embeddable":true,"href":"https:\/\/chacosintesis.com.ar\/index.php\/wp-json\/wp\/v2\/categories?post=23231"},{"taxonomy":"post_tag","embeddable":true,"href":"https:\/\/chacosintesis.com.ar\/index.php\/wp-json\/wp\/v2\/tags?post=23231"}],"curies":[{"name":"wp","href":"https:\/\/api.w.org\/{rel}","templated":true}]}}