{"id":23213,"date":"2023-07-03T21:57:57","date_gmt":"2023-07-04T00:57:57","guid":{"rendered":"https:\/\/chacosintesis.com.ar\/?p=23213"},"modified":"2023-07-03T22:06:43","modified_gmt":"2023-07-04T01:06:43","slug":"san-martin-la-policia-detuvo-a-un-hombre-que-amenazaba-a-su-propio-grupo-familiar","status":"publish","type":"post","link":"https:\/\/chacosintesis.com.ar\/index.php\/san-martin-la-policia-detuvo-a-un-hombre-que-amenazaba-a-su-propio-grupo-familiar\/","title":{"rendered":"San Mart\u00edn: La Polic\u00eda detuvo a un hombre que amenazaba a su propio grupo familiar"},"content":{"rendered":"<p>Tras un r\u00e1pido accionar, efectivos de la Polic\u00eda del Chaco lograron aprehender a un hombre que amenazaba a su propio grupo familiar en la zona de General San Mart\u00edn. El hecho ocurri\u00f3 ayer domingo, a las 17, en el Paraje Tres Banderas. Se comunicaron al servicio de emergencia 911 e informaron que solicitaban presencia policial en el lugar, ya que su padre los ten\u00eda encerrados a su madre y a sus hermanos y los ten\u00eda amenazado con un arma de fuego, describe el parte policial.<br \/>\nInmediatamente una comisi\u00f3n policial, dependiente de la Divisi\u00f3n 911, se constituy\u00f3 hasta el lugar dando intervenci\u00f3n tambi\u00e9n el personal de la Divisi\u00f3n Violencia Familiar y de G\u00e9nero. Al arribo, los polic\u00edas lograron ver a un sujeto que ten\u00eda en sus manos una escopeta, quien al notar la presencia de las autoridades intent\u00f3 huir hacia un monte cercano, no logrando su cometido, ya que inmediatamente fue demorado, agrega el comunicado. Fue detenido, el arma de fuego y el arma blanca fueron secuestradas.<br \/>\nEl hombre, de 44 a\u00f1os, qued\u00f3 a disposici\u00f3n de la justicia, notificado de su aprehensi\u00f3n en la causa  &#8220;Supuesta Amenaza con Arma de Fuego en el marco de la Violencia de G\u00e9nero&#8221;. Por otra parte, el grupo familiar compuesto por una madre y dos menores, fueron trasladados hacia el servicio de Salud P\u00fablica, presentando la mujer herida de car\u00e1cter leve.<\/p>\n","protected":false},"excerpt":{"rendered":"<p>Tras un r\u00e1pido accionar, efectivos de la Polic\u00eda del Chaco lograron aprehender a un hombre que amenazaba a su propio grupo familiar en la zona de General San Mart\u00edn. El hecho ocurri\u00f3 ayer domingo, a las 17, en el Paraje Tres Banderas. Se comunicaron al servicio de emergencia 911 e informaron que solicitaban presencia policial [&hellip;]<\/p>\n","protected":false},"author":1,"featured_media":23214,"comment_status":"closed","ping_status":"closed","sticky":false,"template":"","format":"standard","meta":{"footnotes":""},"categories":[6],"tags":[197],"class_list":{"0":"post-23213","1":"post","2":"type-post","3":"status-publish","4":"format-standard","5":"has-post-thumbnail","7":"category-chaco","8":"tag-destacada"},"_links":{"self":[{"href":"https:\/\/chacosintesis.com.ar\/index.php\/wp-json\/wp\/v2\/posts\/23213","targetHints":{"allow":["GET"]}}],"collection":[{"href":"https:\/\/chacosintesis.com.ar\/index.php\/wp-json\/wp\/v2\/posts"}],"about":[{"href":"https:\/\/chacosintesis.com.ar\/index.php\/wp-json\/wp\/v2\/types\/post"}],"author":[{"embeddable":true,"href":"https:\/\/chacosintesis.com.ar\/index.php\/wp-json\/wp\/v2\/users\/1"}],"replies":[{"embeddable":true,"href":"https:\/\/chacosintesis.com.ar\/index.php\/wp-json\/wp\/v2\/comments?post=23213"}],"version-history":[{"count":0,"href":"https:\/\/chacosintesis.com.ar\/index.php\/wp-json\/wp\/v2\/posts\/23213\/revisions"}],"wp:featuredmedia":[{"embeddable":true,"href":"https:\/\/chacosintesis.com.ar\/index.php\/wp-json\/wp\/v2\/media\/23214"}],"wp:attachment":[{"href":"https:\/\/chacosintesis.com.ar\/index.php\/wp-json\/wp\/v2\/media?parent=23213"}],"wp:term":[{"taxonomy":"category","embeddable":true,"href":"https:\/\/chacosintesis.com.ar\/index.php\/wp-json\/wp\/v2\/categories?post=23213"},{"taxonomy":"post_tag","embeddable":true,"href":"https:\/\/chacosintesis.com.ar\/index.php\/wp-json\/wp\/v2\/tags?post=23213"}],"curies":[{"name":"wp","href":"https:\/\/api.w.org\/{rel}","templated":true}]}}