{"id":23201,"date":"2023-07-03T16:17:26","date_gmt":"2023-07-03T19:17:26","guid":{"rendered":"https:\/\/chacosintesis.com.ar\/?p=23201"},"modified":"2023-07-03T16:37:31","modified_gmt":"2023-07-03T19:37:31","slug":"marcela-acuna-acuso-a-su-hijo-cesar-sena-de-asesinar-brutalmente-a-cecilia-strzyzowski-por-que-nos-incriminan-a-nosotros","status":"publish","type":"post","link":"https:\/\/chacosintesis.com.ar\/index.php\/marcela-acuna-acuso-a-su-hijo-cesar-sena-de-asesinar-brutalmente-a-cecilia-strzyzowski-por-que-nos-incriminan-a-nosotros\/","title":{"rendered":"Marcela Acu\u00f1a acus\u00f3 a su hijo C\u00e9sar Sena de asesinar brutalmente a Cecilia Strzyzowski: \u201c\u00bfPor qu\u00e9 nos incriminan a nosotros?\u201d"},"content":{"rendered":"<p>La esposa de Emerenciano Sena escribi\u00f3 una carta en la que asegur\u00f3 que ambos est\u00e1n injustamente detenidos. Marcela Acu\u00f1a, madre de C\u00e9sar Sena, acus\u00f3 a su hijo del femicidio de Cecilia Strzyzowski. La mujer difundi\u00f3 una carta que escribi\u00f3 desde su celda en el Departamento Violencia Familiar y de G\u00e9nero de Resistencia y asegur\u00f3 que ella y su esposo, Emerenciano Sena, est\u00e1n injustamente detenidos.<br \/>\n\u201cPor qu\u00e9, si fue C\u00e9sar responsable, nos incriminan a nosotros? Creo que por muchos motivos, principalmente la grieta que vivimos como patria, nosotros somos parte de una generaci\u00f3n nueva junto a Emerenciano\u201d, se pregunt\u00f3 la suegra de la mujer desaparecida desde el 1 de junio, seg\u00fan el texto dado a conocer por el portal Infobae.<br \/>\nMarcela Acu\u00f1a denunci\u00f3 que se trata de \u201cuna causa armada desde el Partido Judicial y radicales\u201d y que \u201cno se sostiene hacia nosotros con pruebas, solo con supuestos\u201d.<br \/>\nLa estrategia de la familia Sena<br \/>\nEn \u201cAlguien tiene que Decirlo\u201d Gabriel Iezzi cont\u00f3 que de los 7 detenidos por el brutal crimen de Cecilia Strzyzowski, los 4 que lo est\u00e1n por encubrimiento agravado podr\u00edan ser excarcelados pr\u00f3ximamente.<br \/>\nY revel\u00f3 cu\u00e1l es el objetivo de los abogados: \u201cLa estrategia de la defensa es imputar del hecho a C\u00e9sar Sena y que los padres queden como encubridores, lo que no es punible. Por ah\u00ed va a ir la defensa\u201d.<br \/>\nEn di\u00e1logo con la agencia TELAM, la madre de Cecilia se opuso a esto. \u201cQuieren sacrificar a C\u00e9sar y hacerlo pasar como que estaba loquito y que en un momento de locura la mat\u00f3\u201d, expres\u00f3 Gloria Romero, y sostuvo que su hija \u201cestuvo en el lugar y en el momento equivocado\u201d, Mientras que, en una entrevista con Todo Noticias (TN), habl\u00f3 de la angustia que le genera no conocer el motivo del crimen: \u201cMe sacaron el cuerpo, me sacaron el duelo, la posibilidad de llorarla porque tengo que salir a la calle a gritar: \u2018Justicia\u2019. Eso es lo que m\u00e1s me duele: no saber ni por qu\u00e9 la mataron, ni c\u00f3mo la mataron, ni donde est\u00e1 el cuerpo\u201d.<br \/>\n Fuente: Mitre<\/p>\n","protected":false},"excerpt":{"rendered":"<p>La esposa de Emerenciano Sena escribi\u00f3 una carta en la que asegur\u00f3 que ambos est\u00e1n injustamente detenidos. Marcela Acu\u00f1a, madre de C\u00e9sar Sena, acus\u00f3 a su hijo del femicidio de Cecilia Strzyzowski. La mujer difundi\u00f3 una carta que escribi\u00f3 desde su celda en el Departamento Violencia Familiar y de G\u00e9nero de Resistencia y asegur\u00f3 que [&hellip;]<\/p>\n","protected":false},"author":1,"featured_media":23202,"comment_status":"closed","ping_status":"closed","sticky":false,"template":"","format":"standard","meta":{"footnotes":""},"categories":[6],"tags":[],"class_list":{"0":"post-23201","1":"post","2":"type-post","3":"status-publish","4":"format-standard","5":"has-post-thumbnail","7":"category-chaco"},"_links":{"self":[{"href":"https:\/\/chacosintesis.com.ar\/index.php\/wp-json\/wp\/v2\/posts\/23201","targetHints":{"allow":["GET"]}}],"collection":[{"href":"https:\/\/chacosintesis.com.ar\/index.php\/wp-json\/wp\/v2\/posts"}],"about":[{"href":"https:\/\/chacosintesis.com.ar\/index.php\/wp-json\/wp\/v2\/types\/post"}],"author":[{"embeddable":true,"href":"https:\/\/chacosintesis.com.ar\/index.php\/wp-json\/wp\/v2\/users\/1"}],"replies":[{"embeddable":true,"href":"https:\/\/chacosintesis.com.ar\/index.php\/wp-json\/wp\/v2\/comments?post=23201"}],"version-history":[{"count":0,"href":"https:\/\/chacosintesis.com.ar\/index.php\/wp-json\/wp\/v2\/posts\/23201\/revisions"}],"wp:featuredmedia":[{"embeddable":true,"href":"https:\/\/chacosintesis.com.ar\/index.php\/wp-json\/wp\/v2\/media\/23202"}],"wp:attachment":[{"href":"https:\/\/chacosintesis.com.ar\/index.php\/wp-json\/wp\/v2\/media?parent=23201"}],"wp:term":[{"taxonomy":"category","embeddable":true,"href":"https:\/\/chacosintesis.com.ar\/index.php\/wp-json\/wp\/v2\/categories?post=23201"},{"taxonomy":"post_tag","embeddable":true,"href":"https:\/\/chacosintesis.com.ar\/index.php\/wp-json\/wp\/v2\/tags?post=23201"}],"curies":[{"name":"wp","href":"https:\/\/api.w.org\/{rel}","templated":true}]}}