{"id":23195,"date":"2023-07-03T16:03:20","date_gmt":"2023-07-03T19:03:20","guid":{"rendered":"https:\/\/chacosintesis.com.ar\/?p=23195"},"modified":"2023-07-03T16:06:50","modified_gmt":"2023-07-03T19:06:50","slug":"desde-este-viernes-7-con-la-acreditacion-al-programa-expertos-inicia-el-pago-de-programas-provinciales","status":"publish","type":"post","link":"https:\/\/chacosintesis.com.ar\/index.php\/desde-este-viernes-7-con-la-acreditacion-al-programa-expertos-inicia-el-pago-de-programas-provinciales\/","title":{"rendered":"Desde este viernes 7: Con la acreditaci\u00f3n al Programa Expertos, inicia el pago de Programas Provinciales"},"content":{"rendered":"<p>Tambi\u00e9n se abonar\u00e1 M\u00e1s Inclusi\u00f3n y Renta M\u00ednima Progresiva. Contin\u00faa con Servicio de Mantenimiento de Establecimientos Escolares, becas del Instituto del Deporte y contratos de Cultura.<br \/>\nEl Ministerio de Planificaci\u00f3n, Econom\u00eda e Infraestructura inform\u00f3 el pago de programas provinciales que, como es habitual, comenzar\u00e1 con las y los beneficiarios del programa Expertos del Ministerio de Salud P\u00fablica, que cobrar\u00e1n este viernes 7 de julio. El cronograma continuar\u00e1 el pr\u00f3ximo lunes 10 de julio, cuando ser\u00e1 el turno de las y los beneficiarios del programa M\u00e1s Inclusi\u00f3n del Ministerio de Desarrollo Social.<br \/>\nEn tanto, Renta M\u00ednima Progresiva, tambi\u00e9n de la cartera social, se abonar\u00e1 en dos d\u00edas ya que, como es habitual, el pago se realizar\u00e1 por terminaci\u00f3n de los n\u00fameros de documento. El pr\u00f3ximo mi\u00e9rcoles 12 de julio cobrar\u00e1n las personas beneficiarias con documentos terminados en 0, 1, 2, 3 y 4. Posteriormente, el jueves 13 de julio, lo har\u00e1n quienes tengan DNI terminados en 5, 6, 7, 8 y 9.<br \/>\nAdem\u00e1s, el jueves 13 de julio ser\u00e1 el turno de beneficiarias y beneficiarios del Servicio de Mantenimiento de Establecimientos Educativos del Ministerio de Educaci\u00f3n chaque\u00f1o, as\u00ed como las y los becarios del Instituto del Deporte y contratadas y contratados del Instituto de Cultura.<br \/>\nEl pasado viernes 30 de junio, junto con las y los trabajadores activos, se pagaron las Guardias y cobraron los Residentes, dependientes del Ministerio de Salud P\u00fablica de la provincia.<br \/>\nLos salarios se depositar\u00e1n en las cuentas del Nuevo Banco del Chaco (NBCH), por lo que la cartera econ\u00f3mica recuerda que los fondos estar\u00e1n disponibles a trav\u00e9s de todos los canales electr\u00f3nicos de la entidad financiera.<br \/>\nCronograma<br \/>\nPrograma Expertos: viernes 7 de julio<br \/>\nM\u00e1s inclusi\u00f3n: lunes 10 de julio<br \/>\nRenta M\u00ednima Progresiva: mi\u00e9rcoles 12 de julio (DNI terminados en 0, 1, 2, 3 y 4); jueves 13 de julio (DNI terminados en 5, 6, 7, 8 y 9).<br \/>\nServicio de Mantenimiento de Establecimientos Educativos: jueves 13 de julio<br \/>\nBecas Instituto del Deporte: jueves 13 de julio<br \/>\nBecas Instituto de Cultura: jueves 13 de julio<\/p>\n","protected":false},"excerpt":{"rendered":"<p>Tambi\u00e9n se abonar\u00e1 M\u00e1s Inclusi\u00f3n y Renta M\u00ednima Progresiva. Contin\u00faa con Servicio de Mantenimiento de Establecimientos Escolares, becas del Instituto del Deporte y contratos de Cultura. El Ministerio de Planificaci\u00f3n, Econom\u00eda e Infraestructura inform\u00f3 el pago de programas provinciales que, como es habitual, comenzar\u00e1 con las y los beneficiarios del programa Expertos del Ministerio de [&hellip;]<\/p>\n","protected":false},"author":1,"featured_media":23196,"comment_status":"closed","ping_status":"closed","sticky":false,"template":"","format":"standard","meta":{"footnotes":""},"categories":[6],"tags":[],"class_list":{"0":"post-23195","1":"post","2":"type-post","3":"status-publish","4":"format-standard","5":"has-post-thumbnail","7":"category-chaco"},"_links":{"self":[{"href":"https:\/\/chacosintesis.com.ar\/index.php\/wp-json\/wp\/v2\/posts\/23195","targetHints":{"allow":["GET"]}}],"collection":[{"href":"https:\/\/chacosintesis.com.ar\/index.php\/wp-json\/wp\/v2\/posts"}],"about":[{"href":"https:\/\/chacosintesis.com.ar\/index.php\/wp-json\/wp\/v2\/types\/post"}],"author":[{"embeddable":true,"href":"https:\/\/chacosintesis.com.ar\/index.php\/wp-json\/wp\/v2\/users\/1"}],"replies":[{"embeddable":true,"href":"https:\/\/chacosintesis.com.ar\/index.php\/wp-json\/wp\/v2\/comments?post=23195"}],"version-history":[{"count":0,"href":"https:\/\/chacosintesis.com.ar\/index.php\/wp-json\/wp\/v2\/posts\/23195\/revisions"}],"wp:featuredmedia":[{"embeddable":true,"href":"https:\/\/chacosintesis.com.ar\/index.php\/wp-json\/wp\/v2\/media\/23196"}],"wp:attachment":[{"href":"https:\/\/chacosintesis.com.ar\/index.php\/wp-json\/wp\/v2\/media?parent=23195"}],"wp:term":[{"taxonomy":"category","embeddable":true,"href":"https:\/\/chacosintesis.com.ar\/index.php\/wp-json\/wp\/v2\/categories?post=23195"},{"taxonomy":"post_tag","embeddable":true,"href":"https:\/\/chacosintesis.com.ar\/index.php\/wp-json\/wp\/v2\/tags?post=23195"}],"curies":[{"name":"wp","href":"https:\/\/api.w.org\/{rel}","templated":true}]}}