{"id":23193,"date":"2023-07-03T16:01:09","date_gmt":"2023-07-03T19:01:09","guid":{"rendered":"https:\/\/chacosintesis.com.ar\/?p=23193"},"modified":"2023-07-03T16:06:49","modified_gmt":"2023-07-03T19:06:49","slug":"mas-familias-chaquenas-cumplen-el-sueno-de-la-casa-propia","status":"publish","type":"post","link":"https:\/\/chacosintesis.com.ar\/index.php\/mas-familias-chaquenas-cumplen-el-sueno-de-la-casa-propia\/","title":{"rendered":"M\u00e1s familias chaque\u00f1as cumplen el sue\u00f1o de la casa propia"},"content":{"rendered":"<p>Esta unidad habitacional es ejecutada a trav\u00e9s del Instituto de Agricultura Familiar y Econom\u00eda Popular (IAFEP) y forma parte de un programa de seis  viviendas m\u00e1s. Esta gesti\u00f3n ya alcanza casi las 5.000 soluciones habitacionales en programas de construcci\u00f3n de viviendas sociales.<br \/>\nEl gobernador Jorge Capitanich entreg\u00f3 este lunes una vivienda, que forma parte de un plan de seis viviendas sociales, de buena calidad. Las viviendas son ejecutadas a trav\u00e9s del Instituto de Agricultura Familiar y Econom\u00eda Popular (IAFEP) junto a las organizaciones y cooperativas de base, en el marco del programa de construcci\u00f3n de viviendas populares.<br \/>\n\u201cComenzamos la semana con la satisfacci\u00f3n de garantizar junto al IAFEP que m\u00e1s familias chaque\u00f1as puedan cumplir el sue\u00f1o de la casa propia, promoviendo el empleo a trav\u00e9s de las organizaciones sociales en Resistencia\u201d, dijo el gobernador.<br \/>\nEn este caso, el gobernador Capitanich entreg\u00f3 la vivienda a la familia de un trabajador tapicero, al cual tambi\u00e9n se le entregaron nuevas herramientas para que pueda seguir fortaleciendo su trabajo y el sostenimiento de su hogar.<br \/>\nCapitanich destac\u00f3 la importancia de la gesti\u00f3n en el sector de la construcci\u00f3n de viviendas sociales. Seg\u00fan explic\u00f3 son cerca de 5.000 soluciones habitacionales en el transcurso de esta gesti\u00f3n. \u201cEsto tiene un  alt\u00edsimo impacto, porque tiene efecto multiplicador, recupera la econom\u00eda de la construcci\u00f3n y genera no menos de 30.000 empleos en total\u201d, dijo el mandatario.<\/p>\n","protected":false},"excerpt":{"rendered":"<p>Esta unidad habitacional es ejecutada a trav\u00e9s del Instituto de Agricultura Familiar y Econom\u00eda Popular (IAFEP) y forma parte de un programa de seis viviendas m\u00e1s. Esta gesti\u00f3n ya alcanza casi las 5.000 soluciones habitacionales en programas de construcci\u00f3n de viviendas sociales. El gobernador Jorge Capitanich entreg\u00f3 este lunes una vivienda, que forma parte de [&hellip;]<\/p>\n","protected":false},"author":1,"featured_media":23194,"comment_status":"closed","ping_status":"closed","sticky":false,"template":"","format":"standard","meta":{"footnotes":""},"categories":[6],"tags":[],"class_list":{"0":"post-23193","1":"post","2":"type-post","3":"status-publish","4":"format-standard","5":"has-post-thumbnail","7":"category-chaco"},"_links":{"self":[{"href":"https:\/\/chacosintesis.com.ar\/index.php\/wp-json\/wp\/v2\/posts\/23193","targetHints":{"allow":["GET"]}}],"collection":[{"href":"https:\/\/chacosintesis.com.ar\/index.php\/wp-json\/wp\/v2\/posts"}],"about":[{"href":"https:\/\/chacosintesis.com.ar\/index.php\/wp-json\/wp\/v2\/types\/post"}],"author":[{"embeddable":true,"href":"https:\/\/chacosintesis.com.ar\/index.php\/wp-json\/wp\/v2\/users\/1"}],"replies":[{"embeddable":true,"href":"https:\/\/chacosintesis.com.ar\/index.php\/wp-json\/wp\/v2\/comments?post=23193"}],"version-history":[{"count":0,"href":"https:\/\/chacosintesis.com.ar\/index.php\/wp-json\/wp\/v2\/posts\/23193\/revisions"}],"wp:featuredmedia":[{"embeddable":true,"href":"https:\/\/chacosintesis.com.ar\/index.php\/wp-json\/wp\/v2\/media\/23194"}],"wp:attachment":[{"href":"https:\/\/chacosintesis.com.ar\/index.php\/wp-json\/wp\/v2\/media?parent=23193"}],"wp:term":[{"taxonomy":"category","embeddable":true,"href":"https:\/\/chacosintesis.com.ar\/index.php\/wp-json\/wp\/v2\/categories?post=23193"},{"taxonomy":"post_tag","embeddable":true,"href":"https:\/\/chacosintesis.com.ar\/index.php\/wp-json\/wp\/v2\/tags?post=23193"}],"curies":[{"name":"wp","href":"https:\/\/api.w.org\/{rel}","templated":true}]}}