{"id":23189,"date":"2023-07-03T14:59:40","date_gmt":"2023-07-03T17:59:40","guid":{"rendered":"https:\/\/chacosintesis.com.ar\/?p=23189"},"modified":"2023-07-03T15:07:11","modified_gmt":"2023-07-03T18:07:11","slug":"se-inauguro-a-la-expo-living-en-puerto-tirol","status":"publish","type":"post","link":"https:\/\/chacosintesis.com.ar\/index.php\/se-inauguro-a-la-expo-living-en-puerto-tirol\/","title":{"rendered":"Se inaugur\u00f3 a la Expo Living en Puerto Tirol"},"content":{"rendered":"<p>Con la presencia del gobernador Capitanich, este lunes se dio apertura a la expo que comercializa muebles realiados con mano de obra de la provincia.<br \/>\nEste lunes se dio apertura a la Expo Living en el Parque Industrial de Puerto Tirol. El gobernador Jorge Capitanich particip\u00f3 de la inauguraci\u00f3n y manifest\u00f3 que se trata del \u201cepicentro de la muestra de muebles que se realizan con mano de obra chaque\u00f1a\u201d.<br \/>\nEl gobernador record\u00f3 que esta muestra que se realiza anualmente, cuenta con cinco sucursales en Resistencia y Corrientes y destac\u00f3 el trabajo de la empresa chaque\u00f1a La Bella, que tiene 67 empleos directos, otros tantos indirectos y cuenta con el apoyo del Nuevo Banco del Chaco a trav\u00e9s de tarjeta Tuya.<br \/>\nEn este sentido, remarc\u00f3 que en toda la provincia hay m\u00e1s de 200 mil pl\u00e1sticos que ofrecen a las chaque\u00f1as y chaque\u00f1os adquirir productos en 5 y 10 cuotas sin inter\u00e9s.<br \/>\n\u201cObjetivamente es una empresa familiar que ha venido creciendo de manera significativa\u201d, dijo el primer mandatario provincial y a\u00f1adi\u00f3 que los est\u00edmulos de financiamiento son importantes \u201cpara la ampliaci\u00f3n de su capacidad instalada\u201d.<br \/>\nEste acrecentamiento de la capacidad de empleos \u201ces muy buena para la provincia y para la Rep\u00fablica Argentina\u201d, manifest\u00f3.<br \/>\nAdem\u00e1s, Capitanich dijo que durante el gobierno de  Macri \u201cest\u00e1bamos en 20 a 25 puntos menos de capacidad instalada. Se hab\u00edan cerrado 25 mil peque\u00f1as y medianas empresas y estos empleos se han recuperado en esta etapa\u201d, dijo y a\u00f1adi\u00f3 que \u201ces muy importante esta transici\u00f3n para seguir fortaleciendo la base de crecimiento\u201d.<\/p>\n<p>Empleo chaque\u00f1o<\/p>\n<p>El gobernador Capitanich mencion\u00f3 que Chaco es una de las principales provincias que garantiza el empleo a trav\u00e9s de la industria del call center. \u201cTenemos un plan de expansi\u00f3n de la creaci\u00f3n de empleos en la industria del call center, con una meta de mil empleos m\u00e1s. Ya estamos superando cerca de 8.600 empleos\u201d, dijo y record\u00f3: \u201cEsto nos posiciona entre las tres principales provincias en la generaci\u00f3n de empleo en la industria del call center y a su vez tenemos otras industrias que se van expandiendo\u201d.<br \/>\nEl gobernador expres\u00f3 que \u201ctodo hace al desarrollo y progreso de la actividad productiva\u201d. En este sentido, Capitanich dijo que para los pr\u00f3ximos a\u00f1os la provincia debe estar motorizada a trav\u00e9s de cuatro vectores de crecimiento: \u201cla econom\u00eda productiva, con 20 cadenas de valor; la econom\u00eda del conocimiento, la econom\u00eda ambiental, con la misi\u00f3n de instrumentos financieros que se est\u00e1n solidificando en el mercado, y por \u00faltimo la econom\u00eda energ\u00e9tica, que se va a poder tangibilizar en aproximadamente 300 megavatios de energ\u00eda solar que van a a ser plataformas importantes para el efecto adverso desde el punto de vista ambiental, pero tambi\u00e9n para generar energ\u00eda de menor precio\u201d, detall\u00f3.<\/p>\n","protected":false},"excerpt":{"rendered":"<p>Con la presencia del gobernador Capitanich, este lunes se dio apertura a la expo que comercializa muebles realiados con mano de obra de la provincia. Este lunes se dio apertura a la Expo Living en el Parque Industrial de Puerto Tirol. El gobernador Jorge Capitanich particip\u00f3 de la inauguraci\u00f3n y manifest\u00f3 que se trata del [&hellip;]<\/p>\n","protected":false},"author":1,"featured_media":23190,"comment_status":"closed","ping_status":"closed","sticky":false,"template":"","format":"standard","meta":{"footnotes":""},"categories":[6],"tags":[],"class_list":{"0":"post-23189","1":"post","2":"type-post","3":"status-publish","4":"format-standard","5":"has-post-thumbnail","7":"category-chaco"},"_links":{"self":[{"href":"https:\/\/chacosintesis.com.ar\/index.php\/wp-json\/wp\/v2\/posts\/23189","targetHints":{"allow":["GET"]}}],"collection":[{"href":"https:\/\/chacosintesis.com.ar\/index.php\/wp-json\/wp\/v2\/posts"}],"about":[{"href":"https:\/\/chacosintesis.com.ar\/index.php\/wp-json\/wp\/v2\/types\/post"}],"author":[{"embeddable":true,"href":"https:\/\/chacosintesis.com.ar\/index.php\/wp-json\/wp\/v2\/users\/1"}],"replies":[{"embeddable":true,"href":"https:\/\/chacosintesis.com.ar\/index.php\/wp-json\/wp\/v2\/comments?post=23189"}],"version-history":[{"count":0,"href":"https:\/\/chacosintesis.com.ar\/index.php\/wp-json\/wp\/v2\/posts\/23189\/revisions"}],"wp:featuredmedia":[{"embeddable":true,"href":"https:\/\/chacosintesis.com.ar\/index.php\/wp-json\/wp\/v2\/media\/23190"}],"wp:attachment":[{"href":"https:\/\/chacosintesis.com.ar\/index.php\/wp-json\/wp\/v2\/media?parent=23189"}],"wp:term":[{"taxonomy":"category","embeddable":true,"href":"https:\/\/chacosintesis.com.ar\/index.php\/wp-json\/wp\/v2\/categories?post=23189"},{"taxonomy":"post_tag","embeddable":true,"href":"https:\/\/chacosintesis.com.ar\/index.php\/wp-json\/wp\/v2\/tags?post=23189"}],"curies":[{"name":"wp","href":"https:\/\/api.w.org\/{rel}","templated":true}]}}