{"id":23187,"date":"2023-07-03T14:57:36","date_gmt":"2023-07-03T17:57:36","guid":{"rendered":"https:\/\/chacosintesis.com.ar\/?p=23187"},"modified":"2023-07-03T15:07:11","modified_gmt":"2023-07-03T18:07:11","slug":"caso-cecilia-strzyzowski-entregaron-muestras-oseas-y-de-perfiles-geneticos-al-equipo-argentino-de-antropologia-forense","status":"publish","type":"post","link":"https:\/\/chacosintesis.com.ar\/index.php\/caso-cecilia-strzyzowski-entregaron-muestras-oseas-y-de-perfiles-geneticos-al-equipo-argentino-de-antropologia-forense\/","title":{"rendered":"Caso Cecilia Strzyzowski: entregaron muestras \u00f3seas y de perfiles gen\u00e9ticos al Equipo Argentino de Antropolog\u00eda Forense"},"content":{"rendered":"<p>Las muestras \u00f3seas y de perfiles gen\u00e9ticos fueron entregadas este lunes al Equipo Argentino de Antropolog\u00eda Forense (EAAF) en la ciudad de C\u00f3rdoba.<br \/>\nLas muestras \u00f3seas seleccionadas por el Equipo Interdisciplinario de Antropolog\u00eda Forense y muestras de los perfiles gen\u00e9ticos de referencia extra\u00eddos en el Laboratorio del Instituto de Medicina y Ciencias Forenses (IMCIF) en la causa 22.632\/2023-1 \u201cSena, C\u00e9sar Mario Alejandro y otros s\/femicidio\u201d fueron entregadas en la ma\u00f1ana de este lunes al Equipo Argentino de Antropolog\u00eda Forense (EAAF) en la ciudad de C\u00f3rdoba para que realice los respectivos an\u00e1lisis en el Laboratorio de Gen\u00e9tica Forense.<br \/>\nLa fiscal Nelia Vel\u00e1zquez, integrante del Equipo Fiscal Especial conformado para el caso, remarc\u00f3 que en todo momento fue preservada la cadena de custodia, puesto que el comandante de Gendarmer\u00eda Nacional Javier Alejandro Gavil\u00e1n (jefe de la Unidad Criminal\u00edstica y Estudios Forenses de la Agrupaci\u00f3n XVIII Chaco) acompa\u00f1\u00f3 con ese objetivo a la comitiva que ella encabez\u00f3. Una vez en la capital cordobesa, las muestras fueron entregadas al coordinador del laboratorio, Carlos Vullo y a la coordinadora t\u00e9cnica Mar\u00eda Laura Catelli.<br \/>\nTal como ocurri\u00f3 en las anteriores ocasiones, los gastos que requiri\u00f3 el operativo fueron cubiertos por el Superior Tribunal de Justicia del Chaco.<\/p>\n","protected":false},"excerpt":{"rendered":"<p>Las muestras \u00f3seas y de perfiles gen\u00e9ticos fueron entregadas este lunes al Equipo Argentino de Antropolog\u00eda Forense (EAAF) en la ciudad de C\u00f3rdoba. Las muestras \u00f3seas seleccionadas por el Equipo Interdisciplinario de Antropolog\u00eda Forense y muestras de los perfiles gen\u00e9ticos de referencia extra\u00eddos en el Laboratorio del Instituto de Medicina y Ciencias Forenses (IMCIF) en [&hellip;]<\/p>\n","protected":false},"author":1,"featured_media":23188,"comment_status":"closed","ping_status":"closed","sticky":false,"template":"","format":"standard","meta":{"footnotes":""},"categories":[6],"tags":[],"class_list":{"0":"post-23187","1":"post","2":"type-post","3":"status-publish","4":"format-standard","5":"has-post-thumbnail","7":"category-chaco"},"_links":{"self":[{"href":"https:\/\/chacosintesis.com.ar\/index.php\/wp-json\/wp\/v2\/posts\/23187","targetHints":{"allow":["GET"]}}],"collection":[{"href":"https:\/\/chacosintesis.com.ar\/index.php\/wp-json\/wp\/v2\/posts"}],"about":[{"href":"https:\/\/chacosintesis.com.ar\/index.php\/wp-json\/wp\/v2\/types\/post"}],"author":[{"embeddable":true,"href":"https:\/\/chacosintesis.com.ar\/index.php\/wp-json\/wp\/v2\/users\/1"}],"replies":[{"embeddable":true,"href":"https:\/\/chacosintesis.com.ar\/index.php\/wp-json\/wp\/v2\/comments?post=23187"}],"version-history":[{"count":0,"href":"https:\/\/chacosintesis.com.ar\/index.php\/wp-json\/wp\/v2\/posts\/23187\/revisions"}],"wp:featuredmedia":[{"embeddable":true,"href":"https:\/\/chacosintesis.com.ar\/index.php\/wp-json\/wp\/v2\/media\/23188"}],"wp:attachment":[{"href":"https:\/\/chacosintesis.com.ar\/index.php\/wp-json\/wp\/v2\/media?parent=23187"}],"wp:term":[{"taxonomy":"category","embeddable":true,"href":"https:\/\/chacosintesis.com.ar\/index.php\/wp-json\/wp\/v2\/categories?post=23187"},{"taxonomy":"post_tag","embeddable":true,"href":"https:\/\/chacosintesis.com.ar\/index.php\/wp-json\/wp\/v2\/tags?post=23187"}],"curies":[{"name":"wp","href":"https:\/\/api.w.org\/{rel}","templated":true}]}}