{"id":23183,"date":"2023-07-03T14:54:56","date_gmt":"2023-07-03T17:54:56","guid":{"rendered":"https:\/\/chacosintesis.com.ar\/?p=23183"},"modified":"2023-07-03T15:07:09","modified_gmt":"2023-07-03T18:07:09","slug":"estamos-teniendo-condiciones-climaticas-atipicas-para-la-epoca-del-ano-expreso-luis-romero","status":"publish","type":"post","link":"https:\/\/chacosintesis.com.ar\/index.php\/estamos-teniendo-condiciones-climaticas-atipicas-para-la-epoca-del-ano-expreso-luis-romero\/","title":{"rendered":"\u201cEstamos teniendo condiciones clim\u00e1ticas at\u00edpicas para la \u00e9poca del a\u00f1o\u201d, expres\u00f3 Luis Romero"},"content":{"rendered":"<p>En comunicaci\u00f3n con Chaco TV, el observador meteorol\u00f3gico detall\u00f3 c\u00f3mo se presentar\u00e1n los pr\u00f3ximos d\u00edas en la provincia.<br \/>\nEsta ma\u00f1ana, Luis Romero, observador meteorol\u00f3gico, en comunicaci\u00f3n con Chaco TV, se refiri\u00f3 a las condiciones clim\u00e1ticas que se presentan en la provincia en los \u00faltimos d\u00edas. En este sentido, destac\u00f3 que \u201cestamos teniendo condiciones un poco at\u00edpicas para la \u00e9poca del a\u00f1o\u201d. \u201cToda la semana vamos a tener valores de temperaturas que van a estar rondando, incluso superando, los 30 grados cuando no es lo habitual para la \u00e9poca\u201d, detall\u00f3.<br \/>\n\u201cEsto est\u00e1 asociado con la variabilidad clim\u00e1tica, ya que estamos teniendo condiciones m\u00e1s c\u00e1lidas asociadas a una intensificaci\u00f3n y a una mayor frecuencia o persistencia de vientos del norte que inciden en el aumento de las temperaturas\u201d, explic\u00f3 el especialista. Adem\u00e1s, hizo referencia a la persistencia de \u201cla humedad y el cielo mayormente cubierto\u201d.<br \/>\nAs\u00ed tambi\u00e9n, Romero enfatiz\u00f3 en que \u201cestamos transitando un invierno que por ahora tuvo muy poco fr\u00edo, con apenas una semana\u201d.<br \/>\nEn relaci\u00f3n al resto del pa\u00eds, el observador meteorol\u00f3gico coment\u00f3 que \u201cla regi\u00f3n patag\u00f3nica es la que est\u00e1 teniendo, en estos d\u00edas, condiciones m\u00e1s t\u00edpicas de la \u00e9poca del a\u00f1o, pero en general pr\u00e1cticamente toda la regi\u00f3n Chaco Pampeana tiene persistencia de condiciones un poco m\u00e1s c\u00e1lidas\u201d.<br \/>\n\u201cVeremos que va a pasar el fin de semana, hay un poco de incertidumbre pero ya lo ven\u00edamos anticipando y tambi\u00e9n el Servicio Meteorol\u00f3gico Nacional, que este invierno ser\u00eda m\u00e1s c\u00e1lido y julio ser\u00eda un mes con temperaturas mayores y poca frecuencia de temperaturas bajas\u201d, manifest\u00f3 Romero.<\/p>\n","protected":false},"excerpt":{"rendered":"<p>En comunicaci\u00f3n con Chaco TV, el observador meteorol\u00f3gico detall\u00f3 c\u00f3mo se presentar\u00e1n los pr\u00f3ximos d\u00edas en la provincia. Esta ma\u00f1ana, Luis Romero, observador meteorol\u00f3gico, en comunicaci\u00f3n con Chaco TV, se refiri\u00f3 a las condiciones clim\u00e1ticas que se presentan en la provincia en los \u00faltimos d\u00edas. En este sentido, destac\u00f3 que \u201cestamos teniendo condiciones un poco [&hellip;]<\/p>\n","protected":false},"author":1,"featured_media":23184,"comment_status":"closed","ping_status":"closed","sticky":false,"template":"","format":"standard","meta":{"footnotes":""},"categories":[6],"tags":[],"class_list":{"0":"post-23183","1":"post","2":"type-post","3":"status-publish","4":"format-standard","5":"has-post-thumbnail","7":"category-chaco"},"_links":{"self":[{"href":"https:\/\/chacosintesis.com.ar\/index.php\/wp-json\/wp\/v2\/posts\/23183","targetHints":{"allow":["GET"]}}],"collection":[{"href":"https:\/\/chacosintesis.com.ar\/index.php\/wp-json\/wp\/v2\/posts"}],"about":[{"href":"https:\/\/chacosintesis.com.ar\/index.php\/wp-json\/wp\/v2\/types\/post"}],"author":[{"embeddable":true,"href":"https:\/\/chacosintesis.com.ar\/index.php\/wp-json\/wp\/v2\/users\/1"}],"replies":[{"embeddable":true,"href":"https:\/\/chacosintesis.com.ar\/index.php\/wp-json\/wp\/v2\/comments?post=23183"}],"version-history":[{"count":0,"href":"https:\/\/chacosintesis.com.ar\/index.php\/wp-json\/wp\/v2\/posts\/23183\/revisions"}],"wp:featuredmedia":[{"embeddable":true,"href":"https:\/\/chacosintesis.com.ar\/index.php\/wp-json\/wp\/v2\/media\/23184"}],"wp:attachment":[{"href":"https:\/\/chacosintesis.com.ar\/index.php\/wp-json\/wp\/v2\/media?parent=23183"}],"wp:term":[{"taxonomy":"category","embeddable":true,"href":"https:\/\/chacosintesis.com.ar\/index.php\/wp-json\/wp\/v2\/categories?post=23183"},{"taxonomy":"post_tag","embeddable":true,"href":"https:\/\/chacosintesis.com.ar\/index.php\/wp-json\/wp\/v2\/tags?post=23183"}],"curies":[{"name":"wp","href":"https:\/\/api.w.org\/{rel}","templated":true}]}}