{"id":23173,"date":"2023-07-03T14:37:13","date_gmt":"2023-07-03T17:37:13","guid":{"rendered":"https:\/\/chacosintesis.com.ar\/?p=23173"},"modified":"2023-07-03T15:07:07","modified_gmt":"2023-07-03T18:07:07","slug":"lanzaron-la-plataforma-reservar-en-la-provincia","status":"publish","type":"post","link":"https:\/\/chacosintesis.com.ar\/index.php\/lanzaron-la-plataforma-reservar-en-la-provincia\/","title":{"rendered":"Lanzaron la plataforma ReservAR en la provincia"},"content":{"rendered":"<p>Se trata de una iniciativa de la Federaci\u00f3n Empresaria Hotelera Gastron\u00f3mica de la Rep\u00fablica Argentina (FEHGRA) que busca brindarle al empresario una herramienta para sus hu\u00e9spedes que sea accesible, r\u00e1pida y m\u00e1s econ\u00f3mica.<br \/>\nVer\u00f3nica Mazzarolli, presidenta de la Asociaci\u00f3n de Hoteles, Restaurantes, Bares, Confiter\u00edas y Afines de Chaco, dialog\u00f3 con Radio Provincia del Chaco y se refiri\u00f3 al lanzamiento de la plataforma ReservAR. \u201cEs un producto de FEHGRA que le permite al empresario hotelero tener de manera accesible, r\u00e1pida y mucho m\u00e1s econ\u00f3mica que otras plataformas nacionales o internacionales la posibilidad de que los hu\u00e9spedes hagan reservas, consultas y garanticen la seguridad en los alojamientos\u201d, manifest\u00f3.<br \/>\nEn este sentido, Mazzarolli expres\u00f3 que el producto nace debido a que su instituci\u00f3n \u201csiempre defiende la formalidad\u201d y busca \u201clas habilitaciones como corresponden\u201d. \u201cVa a ser una plataforma segura donde un hu\u00e9sped, que est\u00e1 interesado en venir a nuestra provincia, acceda a esta plataforma y sea segura, r\u00e1pida y econ\u00f3mica\u201d, manifest\u00f3.<br \/>\nAsimismo, seg\u00fan comenta la presidenta de la asociaci\u00f3n chaque\u00f1a, la idea de la plataforma surge \u201ca ra\u00edz de la necesidad de darle al empresario una herramienta\u201d. \u201cOtras plataformas por ah\u00ed son muy costosas. Necesit\u00e1bamos una plataforma local\u201d, coment\u00f3 Mazzarolli, y concluy\u00f3: \u201cPor ahora es una plataforma econ\u00f3mica. La idea es posicionar esta plataforma en todo el pa\u00eds. Tampoco va a tener a futuro grandes porcentajes\u201d.<\/p>\n","protected":false},"excerpt":{"rendered":"<p>Se trata de una iniciativa de la Federaci\u00f3n Empresaria Hotelera Gastron\u00f3mica de la Rep\u00fablica Argentina (FEHGRA) que busca brindarle al empresario una herramienta para sus hu\u00e9spedes que sea accesible, r\u00e1pida y m\u00e1s econ\u00f3mica. Ver\u00f3nica Mazzarolli, presidenta de la Asociaci\u00f3n de Hoteles, Restaurantes, Bares, Confiter\u00edas y Afines de Chaco, dialog\u00f3 con Radio Provincia del Chaco y [&hellip;]<\/p>\n","protected":false},"author":1,"featured_media":23174,"comment_status":"closed","ping_status":"closed","sticky":false,"template":"","format":"standard","meta":{"footnotes":""},"categories":[6],"tags":[],"class_list":{"0":"post-23173","1":"post","2":"type-post","3":"status-publish","4":"format-standard","5":"has-post-thumbnail","7":"category-chaco"},"_links":{"self":[{"href":"https:\/\/chacosintesis.com.ar\/index.php\/wp-json\/wp\/v2\/posts\/23173","targetHints":{"allow":["GET"]}}],"collection":[{"href":"https:\/\/chacosintesis.com.ar\/index.php\/wp-json\/wp\/v2\/posts"}],"about":[{"href":"https:\/\/chacosintesis.com.ar\/index.php\/wp-json\/wp\/v2\/types\/post"}],"author":[{"embeddable":true,"href":"https:\/\/chacosintesis.com.ar\/index.php\/wp-json\/wp\/v2\/users\/1"}],"replies":[{"embeddable":true,"href":"https:\/\/chacosintesis.com.ar\/index.php\/wp-json\/wp\/v2\/comments?post=23173"}],"version-history":[{"count":0,"href":"https:\/\/chacosintesis.com.ar\/index.php\/wp-json\/wp\/v2\/posts\/23173\/revisions"}],"wp:featuredmedia":[{"embeddable":true,"href":"https:\/\/chacosintesis.com.ar\/index.php\/wp-json\/wp\/v2\/media\/23174"}],"wp:attachment":[{"href":"https:\/\/chacosintesis.com.ar\/index.php\/wp-json\/wp\/v2\/media?parent=23173"}],"wp:term":[{"taxonomy":"category","embeddable":true,"href":"https:\/\/chacosintesis.com.ar\/index.php\/wp-json\/wp\/v2\/categories?post=23173"},{"taxonomy":"post_tag","embeddable":true,"href":"https:\/\/chacosintesis.com.ar\/index.php\/wp-json\/wp\/v2\/tags?post=23173"}],"curies":[{"name":"wp","href":"https:\/\/api.w.org\/{rel}","templated":true}]}}