{"id":23169,"date":"2023-07-03T14:26:32","date_gmt":"2023-07-03T17:26:32","guid":{"rendered":"https:\/\/chacosintesis.com.ar\/?p=23169"},"modified":"2023-07-03T14:37:29","modified_gmt":"2023-07-03T17:37:29","slug":"este-3-de-julio-se-conmemora-por-primera-vez-el-dia-provincial-de-la-ninez-indigena","status":"publish","type":"post","link":"https:\/\/chacosintesis.com.ar\/index.php\/este-3-de-julio-se-conmemora-por-primera-vez-el-dia-provincial-de-la-ninez-indigena\/","title":{"rendered":"Este 3 de Julio: Se conmemora por primera vez el D\u00eda Provincial De La Ni\u00f1ez Ind\u00edgena"},"content":{"rendered":"<p>Se trata de una iniciativa legislativa que se aprob\u00f3 en el 2022 para reconocer al Chaco como \u201cun pueblo multi\u00e9tnico y pluricultural\u201d.<br \/>\nEn la Sesi\u00f3n Ordinaria N\u00b012 que se desarroll\u00f3 en el Parlamento chaque\u00f1o en la jornada del Mi\u00e9rcoles 1 Junio del 2022, se aprob\u00f3 la Ley N\u00b03596 &#8211; W. La norma instituye como \u201cD\u00eda Provincial de la Ni\u00f1ez Ind\u00edgena\u201d, el 3 de julio de cada a\u00f1o, en adhesi\u00f3n a la entrada en vigencia en la Argentina del Convenio 169 de la OIT, que establece el derecho de los pueblos ind\u00edgenas, formas de vida e instituciones propias y su derecho a participar de una manera efectiva, en honor a los ni\u00f1os y ni\u00f1as ind\u00edgenas que representan la continuidad del legado ancestral de amor y resistencia de nuestros abor\u00edgenes.<br \/>\nEn este marco la legisladora profesora e impulsora del proyecto, Andrea Charole expres\u00f3: \u201cCon mucha satisfacci\u00f3n se aprob\u00f3 esta iniciativa de mi autor\u00eda el a\u00f1o pasado con el acompa\u00f1amiento de mis pares la presidente del Poder Legislativo mi par Elida Cuesta, y mis pares Dar\u00edo Bacilleff Ivanoff y Roberto Acosta.\u201d<br \/>\nA\u00f1adi\u00f3 diciendo \u201cLos ni\u00f1os y ni\u00f1as ind\u00edgenas son titulares de derechos a una especial protecci\u00f3n por parte del Estado en atenci\u00f3n no solo a las circunstancias que justifican el estatus jur\u00eddico de los ni\u00f1os en general sino a la circunstancia de pertenecer a un grupo ind\u00edgena. Esta especial distinci\u00f3n a los ni\u00f1os y ni\u00f1as ind\u00edgenas del Chaco, tiene un gran significado, en tanto se resalta la memoria y el futuro de la preservaci\u00f3n de las culturas originarias.<br \/>\n\u201cEsta Ley pretende brindarles un homenaje y que este festejo se extienda a toda la provincia, con festividades en las escuelas y otras instituciones relacionadas con el \u00e1mbito ind\u00edgena.\u201d<br \/>\n\u201cLa instauraci\u00f3n de este d\u00eda tiene gran importancia para los chaque\u00f1os, para la infancia ind\u00edgena, puesto que en nuestras Constituciones, se reconoce que somos un pueblo multi\u00e9tnico y pluricultural. Y son los ni\u00f1os y las ni\u00f1as ind\u00edgenas los garantes de la continuidad de los saberes ancestrales, las lenguas ind\u00edgenas y de la protecci\u00f3n de las \u00e1reas que los pueblos originarios han denominado territorios sagrados.\u201d<br \/>\n\u201cPor estas razones creemos que otorgar este reconocimiento, un homenaje a los ni\u00f1os y ni\u00f1as ind\u00edgenas, declarando el 3 de julio de cada a\u00f1o, como \u201cD\u00eda Provincial de la Ni\u00f1ez Ind\u00edgena\u201d, y de esta manera la Provincia del Chaco ratifica el compromiso con el semillero de la patria ind\u00edgena por la garant\u00eda de sus derechos\u201d, finaliz\u00f3<\/p>\n","protected":false},"excerpt":{"rendered":"<p>Se trata de una iniciativa legislativa que se aprob\u00f3 en el 2022 para reconocer al Chaco como \u201cun pueblo multi\u00e9tnico y pluricultural\u201d. En la Sesi\u00f3n Ordinaria N\u00b012 que se desarroll\u00f3 en el Parlamento chaque\u00f1o en la jornada del Mi\u00e9rcoles 1 Junio del 2022, se aprob\u00f3 la Ley N\u00b03596 &#8211; W. La norma instituye como \u201cD\u00eda [&hellip;]<\/p>\n","protected":false},"author":1,"featured_media":23170,"comment_status":"closed","ping_status":"closed","sticky":false,"template":"","format":"standard","meta":{"footnotes":""},"categories":[6],"tags":[],"class_list":{"0":"post-23169","1":"post","2":"type-post","3":"status-publish","4":"format-standard","5":"has-post-thumbnail","7":"category-chaco"},"_links":{"self":[{"href":"https:\/\/chacosintesis.com.ar\/index.php\/wp-json\/wp\/v2\/posts\/23169","targetHints":{"allow":["GET"]}}],"collection":[{"href":"https:\/\/chacosintesis.com.ar\/index.php\/wp-json\/wp\/v2\/posts"}],"about":[{"href":"https:\/\/chacosintesis.com.ar\/index.php\/wp-json\/wp\/v2\/types\/post"}],"author":[{"embeddable":true,"href":"https:\/\/chacosintesis.com.ar\/index.php\/wp-json\/wp\/v2\/users\/1"}],"replies":[{"embeddable":true,"href":"https:\/\/chacosintesis.com.ar\/index.php\/wp-json\/wp\/v2\/comments?post=23169"}],"version-history":[{"count":0,"href":"https:\/\/chacosintesis.com.ar\/index.php\/wp-json\/wp\/v2\/posts\/23169\/revisions"}],"wp:featuredmedia":[{"embeddable":true,"href":"https:\/\/chacosintesis.com.ar\/index.php\/wp-json\/wp\/v2\/media\/23170"}],"wp:attachment":[{"href":"https:\/\/chacosintesis.com.ar\/index.php\/wp-json\/wp\/v2\/media?parent=23169"}],"wp:term":[{"taxonomy":"category","embeddable":true,"href":"https:\/\/chacosintesis.com.ar\/index.php\/wp-json\/wp\/v2\/categories?post=23169"},{"taxonomy":"post_tag","embeddable":true,"href":"https:\/\/chacosintesis.com.ar\/index.php\/wp-json\/wp\/v2\/tags?post=23169"}],"curies":[{"name":"wp","href":"https:\/\/api.w.org\/{rel}","templated":true}]}}