{"id":23161,"date":"2023-07-03T14:13:57","date_gmt":"2023-07-03T17:13:57","guid":{"rendered":"https:\/\/chacosintesis.com.ar\/?p=23161"},"modified":"2023-07-03T14:37:27","modified_gmt":"2023-07-03T17:37:27","slug":"proximamente-se-inauguraran-nuevas-obras-de-infraestructura-y-de-servicios-para-una-transformacion-historica-de-machagai","status":"publish","type":"post","link":"https:\/\/chacosintesis.com.ar\/index.php\/proximamente-se-inauguraran-nuevas-obras-de-infraestructura-y-de-servicios-para-una-transformacion-historica-de-machagai\/","title":{"rendered":"Pr\u00f3ximamente se inaugurar\u00e1n nuevas obras de infraestructura y de servicios para una transformaci\u00f3n hist\u00f3rica de Machagai"},"content":{"rendered":"<p>En los pr\u00f3ximos d\u00edas, en concordancia con un nuevo aniversario de Machagai, se habilitar\u00e1n el cuartel de Bomberos y la oficina UDAI de ANSES. Avanzan tambi\u00e9n obras de pavimento urbano, viviendas, remodelaci\u00f3n del edificio municipal y establecimientos educativos.<br \/>\nEl gobernador Jorge Capitanich recibi\u00f3 este lunes al intendente de Machagai, Juan Manuel Garc\u00eda, con quien analiz\u00f3 las intervenciones que el Gobierno Provincial lleva adelante en la localidad. Las obras de infraestructura y mejora de los servicios p\u00fablicos para la comunidad se inaugurar\u00e1n pr\u00f3ximamente en el marco del nuevo aniversario de esta localidad.<br \/>\nCapitanich confirm\u00f3 que en los pr\u00f3ximos d\u00edas estar\u00edan dadas las condiciones para la inauguraci\u00f3n del  cuartel de Bomberos y la oficina UDAI de ANSES que permitir\u00e1 descomprimir la atenci\u00f3n en toda la zona de influencia de Machagai.<br \/>\nTambi\u00e9n se avanza con las obras de pavimento urbano de la calle Santa Fe y la calle Mariano Moreno, ambas con iluminaci\u00f3n led. Adem\u00e1s est\u00e1n en plena ejecuci\u00f3n la construcci\u00f3n de 48 viviendas, la remodelaci\u00f3n de la Escuela de Educaci\u00f3n Secundaria N\u00b0 41 y la refacci\u00f3n integral del edificio municipal.<br \/>\n\u201cEstas y otras obras que tenemos en agenda son parte de una transformaci\u00f3n hist\u00f3rica que hemos llevado adelante en Machagai para mejorar la calidad de vida de toda la comunidad\u201d, dijo Capitanich.<\/p>\n","protected":false},"excerpt":{"rendered":"<p>En los pr\u00f3ximos d\u00edas, en concordancia con un nuevo aniversario de Machagai, se habilitar\u00e1n el cuartel de Bomberos y la oficina UDAI de ANSES. Avanzan tambi\u00e9n obras de pavimento urbano, viviendas, remodelaci\u00f3n del edificio municipal y establecimientos educativos. El gobernador Jorge Capitanich recibi\u00f3 este lunes al intendente de Machagai, Juan Manuel Garc\u00eda, con quien analiz\u00f3 [&hellip;]<\/p>\n","protected":false},"author":1,"featured_media":23162,"comment_status":"closed","ping_status":"closed","sticky":false,"template":"","format":"standard","meta":{"footnotes":""},"categories":[6],"tags":[],"class_list":{"0":"post-23161","1":"post","2":"type-post","3":"status-publish","4":"format-standard","5":"has-post-thumbnail","7":"category-chaco"},"_links":{"self":[{"href":"https:\/\/chacosintesis.com.ar\/index.php\/wp-json\/wp\/v2\/posts\/23161","targetHints":{"allow":["GET"]}}],"collection":[{"href":"https:\/\/chacosintesis.com.ar\/index.php\/wp-json\/wp\/v2\/posts"}],"about":[{"href":"https:\/\/chacosintesis.com.ar\/index.php\/wp-json\/wp\/v2\/types\/post"}],"author":[{"embeddable":true,"href":"https:\/\/chacosintesis.com.ar\/index.php\/wp-json\/wp\/v2\/users\/1"}],"replies":[{"embeddable":true,"href":"https:\/\/chacosintesis.com.ar\/index.php\/wp-json\/wp\/v2\/comments?post=23161"}],"version-history":[{"count":0,"href":"https:\/\/chacosintesis.com.ar\/index.php\/wp-json\/wp\/v2\/posts\/23161\/revisions"}],"wp:featuredmedia":[{"embeddable":true,"href":"https:\/\/chacosintesis.com.ar\/index.php\/wp-json\/wp\/v2\/media\/23162"}],"wp:attachment":[{"href":"https:\/\/chacosintesis.com.ar\/index.php\/wp-json\/wp\/v2\/media?parent=23161"}],"wp:term":[{"taxonomy":"category","embeddable":true,"href":"https:\/\/chacosintesis.com.ar\/index.php\/wp-json\/wp\/v2\/categories?post=23161"},{"taxonomy":"post_tag","embeddable":true,"href":"https:\/\/chacosintesis.com.ar\/index.php\/wp-json\/wp\/v2\/tags?post=23161"}],"curies":[{"name":"wp","href":"https:\/\/api.w.org\/{rel}","templated":true}]}}