{"id":23155,"date":"2023-07-03T14:09:23","date_gmt":"2023-07-03T17:09:23","guid":{"rendered":"https:\/\/chacosintesis.com.ar\/?p=23155"},"modified":"2023-07-03T14:37:26","modified_gmt":"2023-07-03T17:37:26","slug":"chapo-adelanto-que-se-disolveria-la-fundacion-saul-acuna-tras-la-intervencion","status":"publish","type":"post","link":"https:\/\/chacosintesis.com.ar\/index.php\/chapo-adelanto-que-se-disolveria-la-fundacion-saul-acuna-tras-la-intervencion\/","title":{"rendered":"Chapo adelant\u00f3 que se disolver\u00eda la fundaci\u00f3n Sa\u00fal Acu\u00f1a, tras la intervenci\u00f3n"},"content":{"rendered":"<p>Los temas de la jornada fueron la intervenci\u00f3n de la fundaci\u00f3n Sa\u00fal Acu\u00f1a, la consolidaci\u00f3n de la provincia como primera en el r\u00e1nking nacional de entrega de cr\u00e9ditos productivos, la continuidad del programa Ahorr\u00e1 Chaco &#8211; Superd\u00edas, y las negociaciones paritarias con el gremio UPCP.<br \/>\nEl vocero oficial del Gobierno del Chaco, Juan Manuel Chapo, inform\u00f3 este lunes acerca de la agenda del gobernador, Jorge Capitanich, y dio detalles acerca de las \u00faltimas novedades vinculadas a las pol\u00edticas p\u00fablicas provinciales.<br \/>\nLos principales temas abordados fueron los avances en la intervenci\u00f3n de la fundaci\u00f3n Sa\u00fal Acu\u00f1a, la consolidaci\u00f3n de la provincia como primera en el r\u00e1nking nacional de entrega de cr\u00e9ditos productivos, la continuidad del programa Ahorr\u00e1 Chaco &#8211; Superd\u00edas, y las negociaciones paritarias con el gremio UPCP.<\/p>\n<p>Chaco, primera en el ranking de provincias que m\u00e1s cr\u00e9ditos productivos entregaron en el \u00faltimo a\u00f1o<br \/>\nChapo adem\u00e1s inform\u00f3 que la provincia ocupa el primer lugar entre los distritos que m\u00e1s oportunidades de acceso al cr\u00e9dito generaron para el sector productivo en el \u00faltimo a\u00f1o en todo el pa\u00eds, seg\u00fan un informe del Banco Central de la Rep\u00fablica Argentina (BCRA).<br \/>\nLa provincia increment\u00f3 un 28% los saldos prestados a dicho sector, principalmente a peque\u00f1as y medianas empresas, comparando el primer trimestre del 2022 con el mismo per\u00edodo de este a\u00f1o. Le siguen Tierra del Fuego con un incremento del 19% y San Juan con un crecimiento interanual del 12%.<br \/>\nY como parte de las medidas de apoyo para el sector, el viernes pasado el gobernador Jorge Capitanich anunci\u00f3 una serie de medidas, que incluyen una transferencia directa de 790 millones de pesos por parte del Gobierno nacional en concepto de asistencia para la reparaci\u00f3n de los da\u00f1os ocasionados por la emergencia agropecuaria. Dicha medida se har\u00e1 efectiva antes del 30 de julio.<\/p>\n<p>Intervenci\u00f3n de la fundaci\u00f3n Sa\u00fal Acu\u00f1a<br \/>\nRespondiendo a las consultas de los medios presentes, el vocero oficial inform\u00f3 que este lunes se concretar\u00e1 la invitaci\u00f3n formal al Consejo de Ciencias Econ\u00f3micas para sumar un auditor externo al proceso que llevan adelante los interventores Hern\u00e1n Knezovich y Mirta Morel. \u201cEsto va a dotar de mayor transparencia y legitimidad al proceso\u201d, se\u00f1al\u00f3 Chapo.<br \/>\n\u201cNo solamente se est\u00e1n analizando todos los movimientos econ\u00f3micos y financieros de la fundaci\u00f3n,  sino que adem\u00e1s vamos a garantizar la finalizaci\u00f3n de las obras de las 40 viviendas que est\u00e1n en un 90% de ejecuci\u00f3n y tambi\u00e9n el funcionamiento de las instituciones educativas y del centro de salud. Una vez que tengamos finalizada la auditor\u00eda, vamos a hacerla p\u00fablica ante todos los medios de comunicaci\u00f3n y ante la sociedad chaque\u00f1a\u201d, inform\u00f3 el vocero.<br \/>\nAdem\u00e1s adelant\u00f3 que, una vez finalizado el proceso de auditor\u00eda, \u201clo m\u00e1s probable es que disolvamos la Fundaci\u00f3n, ya que no tendr\u00e1 raz\u00f3n de ser\u201d. El informe ser\u00e1 presentado ante el Tribunal de Cuentas de la provincia y ser\u00e1 compartido p\u00fablicamente para los medios de comunicaci\u00f3n y toda la sociedad chaque\u00f1a.<\/p>\n<p>Incidentes en al Comisar\u00eda Tercera<br \/>\nCumpliendo con un compromiso asumido en la anterior conferencia, Chapo comparti\u00f3 el informe policial generado el 8 de junio, luego de que miembros de la agrupaci\u00f3n de Emerenciano Sena irrumpieran de manera violenta en la Comisar\u00eda Tercera de Resistencia con el objetivo de entorpecer la toma de declaraci\u00f3n de Fabiana Gonz\u00e1lez, hoy imputada por encubrimiento agravado en el caso por el presunto femicidio de Cecilia Strzyzowski.<br \/>\nDicho informe da cuenta de los da\u00f1os ocasionados e instruye la elevaci\u00f3n de la denuncia con las actuaciones judiciales correspondientes.<\/p>\n<p>Informes a la Justicia Federal<br \/>\nConsultado acerca de los pedidos de informe del fiscal Patricio Sabatini tras los allanamientos en los que se encontraron sumas de dinero en efectivo, Chapo record\u00f3 que \u201ctodos los pedidos de informe han sido oportunamente contestados por diferentes reparticiones p\u00fablicas del Estado provincial. Es un tema del que la justicia federal se est\u00e1 ocupando\u201d.<\/p>\n<p>Situaci\u00f3n con el gremio UPCP y Superd\u00edas<br \/>\nEl vocero oficial inform\u00f3 que contin\u00faan las negociaciones en el marco de la Comisi\u00f3n de Interpretaci\u00f3n y Autocomposici\u00f3n Paritaria (CIAP) como parte del convenio colectivo de trabajo. \u201cEn las pr\u00f3ximas horas muy probablemente el Gobernador tenga una reuni\u00f3n con los gremios estatales y los secretarios para avanzar en un proceso ordenado y responsable en la regularizaci\u00f3n laboral de trabajadores y trabajadoras\u201d.<br \/>\nPor otra parte, adelant\u00f3 que en los pr\u00f3ximos d\u00edas ser\u00e1 anunciada formalmente la continuidad del programa Ahorr\u00e1 Chaco, del Ministerio de Planificaci\u00f3n, Econom\u00eda e Infraestructura. \u201cEs una pol\u00edtica p\u00fablica que ha dado muy buen resultado y ha generado un proceso virtuoso en materia de consumo, as\u00ed que s\u00ed, es algo que el Gobernador ha determinado que va a continuar\u201d.<\/p>\n","protected":false},"excerpt":{"rendered":"<p>Los temas de la jornada fueron la intervenci\u00f3n de la fundaci\u00f3n Sa\u00fal Acu\u00f1a, la consolidaci\u00f3n de la provincia como primera en el r\u00e1nking nacional de entrega de cr\u00e9ditos productivos, la continuidad del programa Ahorr\u00e1 Chaco &#8211; Superd\u00edas, y las negociaciones paritarias con el gremio UPCP. El vocero oficial del Gobierno del Chaco, Juan Manuel Chapo, [&hellip;]<\/p>\n","protected":false},"author":1,"featured_media":23156,"comment_status":"closed","ping_status":"closed","sticky":false,"template":"","format":"standard","meta":{"footnotes":""},"categories":[6],"tags":[],"class_list":{"0":"post-23155","1":"post","2":"type-post","3":"status-publish","4":"format-standard","5":"has-post-thumbnail","7":"category-chaco"},"_links":{"self":[{"href":"https:\/\/chacosintesis.com.ar\/index.php\/wp-json\/wp\/v2\/posts\/23155","targetHints":{"allow":["GET"]}}],"collection":[{"href":"https:\/\/chacosintesis.com.ar\/index.php\/wp-json\/wp\/v2\/posts"}],"about":[{"href":"https:\/\/chacosintesis.com.ar\/index.php\/wp-json\/wp\/v2\/types\/post"}],"author":[{"embeddable":true,"href":"https:\/\/chacosintesis.com.ar\/index.php\/wp-json\/wp\/v2\/users\/1"}],"replies":[{"embeddable":true,"href":"https:\/\/chacosintesis.com.ar\/index.php\/wp-json\/wp\/v2\/comments?post=23155"}],"version-history":[{"count":0,"href":"https:\/\/chacosintesis.com.ar\/index.php\/wp-json\/wp\/v2\/posts\/23155\/revisions"}],"wp:featuredmedia":[{"embeddable":true,"href":"https:\/\/chacosintesis.com.ar\/index.php\/wp-json\/wp\/v2\/media\/23156"}],"wp:attachment":[{"href":"https:\/\/chacosintesis.com.ar\/index.php\/wp-json\/wp\/v2\/media?parent=23155"}],"wp:term":[{"taxonomy":"category","embeddable":true,"href":"https:\/\/chacosintesis.com.ar\/index.php\/wp-json\/wp\/v2\/categories?post=23155"},{"taxonomy":"post_tag","embeddable":true,"href":"https:\/\/chacosintesis.com.ar\/index.php\/wp-json\/wp\/v2\/tags?post=23155"}],"curies":[{"name":"wp","href":"https:\/\/api.w.org\/{rel}","templated":true}]}}