{"id":23136,"date":"2023-07-02T10:18:50","date_gmt":"2023-07-02T13:18:50","guid":{"rendered":"https:\/\/chacosintesis.com.ar\/?p=23136"},"modified":"2023-07-02T10:37:50","modified_gmt":"2023-07-02T13:37:50","slug":"resistencia-un-auto-volco-en-avenida-urquiza-sin-heridos","status":"publish","type":"post","link":"https:\/\/chacosintesis.com.ar\/index.php\/resistencia-un-auto-volco-en-avenida-urquiza-sin-heridos\/","title":{"rendered":"Resistencia: Un auto volc\u00f3 en avenida Urquiza, sin heridos"},"content":{"rendered":"<p>En la ma\u00f1ana de este domingo 2, un auto marca Fiat Palio, conducido por un var\u00f3n de 53 a\u00f1os, volc\u00f3 en la intersecci\u00f3n de la avenida Urquiza y la calle Jos\u00e9 M\u00e1rmol.<\/p>\n<p>En el hecho intervinieron agentes policiales de la Comisar\u00eda Quinta de Resistencia, quienes pudieron comprobar que el conductor hab\u00eda perdido el control del veh\u00edculo, que fue lo que provoc\u00f3 la pirueta.<br \/>\nNo se registraron heridos en este siniestro vial y el ciudadano fue asistido por personal m\u00e9dico en el lugar y dado de alta.<\/p>\n","protected":false},"excerpt":{"rendered":"<p>En la ma\u00f1ana de este domingo 2, un auto marca Fiat Palio, conducido por un var\u00f3n de 53 a\u00f1os, volc\u00f3 en la intersecci\u00f3n de la avenida Urquiza y la calle Jos\u00e9 M\u00e1rmol. En el hecho intervinieron agentes policiales de la Comisar\u00eda Quinta de Resistencia, quienes pudieron comprobar que el conductor hab\u00eda perdido el control del [&hellip;]<\/p>\n","protected":false},"author":1,"featured_media":23137,"comment_status":"closed","ping_status":"closed","sticky":false,"template":"","format":"standard","meta":{"footnotes":""},"categories":[6],"tags":[197],"class_list":{"0":"post-23136","1":"post","2":"type-post","3":"status-publish","4":"format-standard","5":"has-post-thumbnail","7":"category-chaco","8":"tag-destacada"},"_links":{"self":[{"href":"https:\/\/chacosintesis.com.ar\/index.php\/wp-json\/wp\/v2\/posts\/23136","targetHints":{"allow":["GET"]}}],"collection":[{"href":"https:\/\/chacosintesis.com.ar\/index.php\/wp-json\/wp\/v2\/posts"}],"about":[{"href":"https:\/\/chacosintesis.com.ar\/index.php\/wp-json\/wp\/v2\/types\/post"}],"author":[{"embeddable":true,"href":"https:\/\/chacosintesis.com.ar\/index.php\/wp-json\/wp\/v2\/users\/1"}],"replies":[{"embeddable":true,"href":"https:\/\/chacosintesis.com.ar\/index.php\/wp-json\/wp\/v2\/comments?post=23136"}],"version-history":[{"count":0,"href":"https:\/\/chacosintesis.com.ar\/index.php\/wp-json\/wp\/v2\/posts\/23136\/revisions"}],"wp:featuredmedia":[{"embeddable":true,"href":"https:\/\/chacosintesis.com.ar\/index.php\/wp-json\/wp\/v2\/media\/23137"}],"wp:attachment":[{"href":"https:\/\/chacosintesis.com.ar\/index.php\/wp-json\/wp\/v2\/media?parent=23136"}],"wp:term":[{"taxonomy":"category","embeddable":true,"href":"https:\/\/chacosintesis.com.ar\/index.php\/wp-json\/wp\/v2\/categories?post=23136"},{"taxonomy":"post_tag","embeddable":true,"href":"https:\/\/chacosintesis.com.ar\/index.php\/wp-json\/wp\/v2\/tags?post=23136"}],"curies":[{"name":"wp","href":"https:\/\/api.w.org\/{rel}","templated":true}]}}