{"id":23104,"date":"2023-07-01T14:49:43","date_gmt":"2023-07-01T17:49:43","guid":{"rendered":"https:\/\/chacosintesis.com.ar\/?p=23104"},"modified":"2023-07-01T15:06:44","modified_gmt":"2023-07-01T18:06:44","slug":"avia-terai-reunira-a-distintas-musicas-y-musicos-del-interior-chaqueno","status":"publish","type":"post","link":"https:\/\/chacosintesis.com.ar\/index.php\/avia-terai-reunira-a-distintas-musicas-y-musicos-del-interior-chaqueno\/","title":{"rendered":"Avia Terai reunir\u00e1 a distintas m\u00fasicas y m\u00fasicos del interior chaque\u00f1o"},"content":{"rendered":"<p>El s\u00e1bado 8 de julio, desde las 9, en la localidad de Avia Terai se realizar\u00e1 el encuentro \u201cM\u00fasica viva del interior\u201d. Se trata del primer encuentro de m\u00fasicas y m\u00fasicos del interior chaque\u00f1o, que incluir\u00e1 conversatorios, capacitaciones y shows en vivo. Todas las actividades durante el encuentro ser\u00e1n gratuitas.<br \/>\nEl encuentro es organizado en conjunto por el Municipio de Avia Terai, el Instituto de Cultura del Chaco (ICCH), y la Universidad del Chaco Austral (UNCAUS). Se realizar\u00e1 en simult\u00e1neo en tres lugares de esa localidad: Centro Integrador Comunitario, el Centro Cultural Municipal, y en la Plaza Central.<br \/>\nQuienes est\u00e9n interesados en participar pueden inscribirse previamente en: <a href=\"https:\/\/forms.gle\/sX3a828o67c7t1mw8\">forms.gle\/sX3a828o67c7t1mw8<\/a><br \/>\n\u201cBuscamos generar espacios de formaci\u00f3n y capacitaci\u00f3n, favorecer la conexi\u00f3n entre artistas e incrementar la productividad cultural del interior de la provincia\u201d, expresaron desde la organizaci\u00f3n.<br \/>\nPor su parte, el presidente del ICCH, Francisco Tete Romero, destac\u00f3: \u201cNuestro Chaco es un territorio de una enorme diversidad cultural y ling\u00fc\u00edstica. Construir la territorializaci\u00f3n de las pol\u00edticas culturales es la \u00fanica manera de afianzar nuestra manera de concebir la cultura como un derecho, y al Estado como su garante indelegable. Por eso seguimos construyendo colectivamente junto a la provincia y los municipios\u201d.<br \/>\nPara m\u00e1s informaci\u00f3n, escribir a <a href=\"mailto:cultura@uncaus.edu.ar\" >cultura@uncaus.edu.ar<\/a>, o por celular al n\u00famero 3644-503807.<br \/>\n<<a href=\"http:\/\/www.avg.com\/email-signature?utm_medium=email&#038;utm_source=link&#038;utm_campaign=sig-email&#038;utm_content=webmail\">www.avg.com\/email-signature?utm_medium=email&amp;utm_source=link&amp;utm_campaign=sig-email&amp;utm_content=webmail<\/a>> Libre de virus.www.avg.com <<a href=\"http:\/\/www.avg.com\/email-signature?utm_medium=email&#038;utm_source=link&#038;utm_campaign=sig-email&#038;utm_content=webmail\">www.avg.com\/email-signature?utm_medium=email&amp;utm_source=link&amp;utm_campaign=sig-email&amp;utm_content=webmail<\/a>> <#DAB4FAD8-2DD7-40BB-A1B8-4E2AA1F9FDF2><\/p>\n","protected":false},"excerpt":{"rendered":"<p>El s\u00e1bado 8 de julio, desde las 9, en la localidad de Avia Terai se realizar\u00e1 el encuentro \u201cM\u00fasica viva del interior\u201d. Se trata del primer encuentro de m\u00fasicas y m\u00fasicos del interior chaque\u00f1o, que incluir\u00e1 conversatorios, capacitaciones y shows en vivo. Todas las actividades durante el encuentro ser\u00e1n gratuitas. El encuentro es organizado en [&hellip;]<\/p>\n","protected":false},"author":1,"featured_media":23105,"comment_status":"closed","ping_status":"closed","sticky":false,"template":"","format":"standard","meta":{"footnotes":""},"categories":[6],"tags":[],"class_list":{"0":"post-23104","1":"post","2":"type-post","3":"status-publish","4":"format-standard","5":"has-post-thumbnail","7":"category-chaco"},"_links":{"self":[{"href":"https:\/\/chacosintesis.com.ar\/index.php\/wp-json\/wp\/v2\/posts\/23104","targetHints":{"allow":["GET"]}}],"collection":[{"href":"https:\/\/chacosintesis.com.ar\/index.php\/wp-json\/wp\/v2\/posts"}],"about":[{"href":"https:\/\/chacosintesis.com.ar\/index.php\/wp-json\/wp\/v2\/types\/post"}],"author":[{"embeddable":true,"href":"https:\/\/chacosintesis.com.ar\/index.php\/wp-json\/wp\/v2\/users\/1"}],"replies":[{"embeddable":true,"href":"https:\/\/chacosintesis.com.ar\/index.php\/wp-json\/wp\/v2\/comments?post=23104"}],"version-history":[{"count":0,"href":"https:\/\/chacosintesis.com.ar\/index.php\/wp-json\/wp\/v2\/posts\/23104\/revisions"}],"wp:featuredmedia":[{"embeddable":true,"href":"https:\/\/chacosintesis.com.ar\/index.php\/wp-json\/wp\/v2\/media\/23105"}],"wp:attachment":[{"href":"https:\/\/chacosintesis.com.ar\/index.php\/wp-json\/wp\/v2\/media?parent=23104"}],"wp:term":[{"taxonomy":"category","embeddable":true,"href":"https:\/\/chacosintesis.com.ar\/index.php\/wp-json\/wp\/v2\/categories?post=23104"},{"taxonomy":"post_tag","embeddable":true,"href":"https:\/\/chacosintesis.com.ar\/index.php\/wp-json\/wp\/v2\/tags?post=23104"}],"curies":[{"name":"wp","href":"https:\/\/api.w.org\/{rel}","templated":true}]}}