{"id":23102,"date":"2023-07-01T14:46:52","date_gmt":"2023-07-01T17:46:52","guid":{"rendered":"https:\/\/chacosintesis.com.ar\/?p=23102"},"modified":"2023-07-01T15:06:44","modified_gmt":"2023-07-01T18:06:44","slug":"autoridades-de-sameep-disertan-este-sabado-en-la-expo-agronea","status":"publish","type":"post","link":"https:\/\/chacosintesis.com.ar\/index.php\/autoridades-de-sameep-disertan-este-sabado-en-la-expo-agronea\/","title":{"rendered":"Autoridades de Sameep disertan este s\u00e1bado en la Expo Agronea"},"content":{"rendered":"<p>La exposici\u00f3n, denominada &#8220;El agua nos une: Segundo Acueducto para el Interior del Chaco&#8221; tendr\u00e1 lugar este s\u00e1bado desde las 13 horas en el Sal\u00f3n Auditorio del predio ferial, ubicado sobre Ruta 89 km 72.5, Charata, en el marco de la Expo Agronea.<br \/>\nEn la ocasi\u00f3n, se presentar\u00e1n las obras hidr\u00e1ulicas m\u00e1s significativas que lleva adelante Sameep en la zona sudoeste de la provincia.<br \/>\nDisertar\u00e1n la presidenta de la empresa, Noelia Canteros; la vocal Liliana Spoljaric; el gerente de Ingenier\u00eda y coordinador general del segundo acueducto del interior, Jos\u00e9 Luis Alunni; el decano de la Facultad de Ingenier\u00eda de la UNNE, Mario De Bortoli y el gerente de contrato, segundo acueducto del interior Eduardo Ram\u00f3n Giorgio.<\/p>\n<p>Stand para atender a la ciudadan\u00eda<\/p>\n<p>Sameep tambi\u00e9n participa con un stand, donde agentes de la empresa difundir\u00e1n las acciones que lleva adelante el organismo con la premisa de proveer de agua potable y de brindar saneamiento en toda la provincia.<br \/>\nAdem\u00e1s, los agentes recibir\u00e1n reclamos e inquietudes de usuarios de la zona respecto al servicio brindado y sobre los distintos beneficios de planes de pago con que cuenta la empresa para regularizar deudas.<br \/>\n<<a href=\"http:\/\/www.avg.com\/email-signature?utm_medium=email&#038;utm_source=link&#038;utm_campaign=sig-email&#038;utm_content=webmail\">www.avg.com\/email-signature?utm_medium=email&amp;utm_source=link&amp;utm_campaign=sig-email&amp;utm_content=webmail<\/a>> Libre de virus.www.avg.com <<a href=\"http:\/\/www.avg.com\/email-signature?utm_medium=email&#038;utm_source=link&#038;utm_campaign=sig-email&#038;utm_content=webmail\">www.avg.com\/email-signature?utm_medium=email&amp;utm_source=link&amp;utm_campaign=sig-email&amp;utm_content=webmail<\/a>> <#DAB4FAD8-2DD7-40BB-A1B8-4E2AA1F9FDF2><\/p>\n","protected":false},"excerpt":{"rendered":"<p>La exposici\u00f3n, denominada &#8220;El agua nos une: Segundo Acueducto para el Interior del Chaco&#8221; tendr\u00e1 lugar este s\u00e1bado desde las 13 horas en el Sal\u00f3n Auditorio del predio ferial, ubicado sobre Ruta 89 km 72.5, Charata, en el marco de la Expo Agronea. En la ocasi\u00f3n, se presentar\u00e1n las obras hidr\u00e1ulicas m\u00e1s significativas que lleva [&hellip;]<\/p>\n","protected":false},"author":1,"featured_media":23103,"comment_status":"closed","ping_status":"closed","sticky":false,"template":"","format":"standard","meta":{"footnotes":""},"categories":[6],"tags":[],"class_list":{"0":"post-23102","1":"post","2":"type-post","3":"status-publish","4":"format-standard","5":"has-post-thumbnail","7":"category-chaco"},"_links":{"self":[{"href":"https:\/\/chacosintesis.com.ar\/index.php\/wp-json\/wp\/v2\/posts\/23102","targetHints":{"allow":["GET"]}}],"collection":[{"href":"https:\/\/chacosintesis.com.ar\/index.php\/wp-json\/wp\/v2\/posts"}],"about":[{"href":"https:\/\/chacosintesis.com.ar\/index.php\/wp-json\/wp\/v2\/types\/post"}],"author":[{"embeddable":true,"href":"https:\/\/chacosintesis.com.ar\/index.php\/wp-json\/wp\/v2\/users\/1"}],"replies":[{"embeddable":true,"href":"https:\/\/chacosintesis.com.ar\/index.php\/wp-json\/wp\/v2\/comments?post=23102"}],"version-history":[{"count":0,"href":"https:\/\/chacosintesis.com.ar\/index.php\/wp-json\/wp\/v2\/posts\/23102\/revisions"}],"wp:featuredmedia":[{"embeddable":true,"href":"https:\/\/chacosintesis.com.ar\/index.php\/wp-json\/wp\/v2\/media\/23103"}],"wp:attachment":[{"href":"https:\/\/chacosintesis.com.ar\/index.php\/wp-json\/wp\/v2\/media?parent=23102"}],"wp:term":[{"taxonomy":"category","embeddable":true,"href":"https:\/\/chacosintesis.com.ar\/index.php\/wp-json\/wp\/v2\/categories?post=23102"},{"taxonomy":"post_tag","embeddable":true,"href":"https:\/\/chacosintesis.com.ar\/index.php\/wp-json\/wp\/v2\/tags?post=23102"}],"curies":[{"name":"wp","href":"https:\/\/api.w.org\/{rel}","templated":true}]}}