{"id":23092,"date":"2023-06-30T10:38:10","date_gmt":"2023-06-30T13:38:10","guid":{"rendered":"https:\/\/chacosintesis.com.ar\/?p=23092"},"modified":"2023-06-30T10:38:54","modified_gmt":"2023-06-30T13:38:54","slug":"caso-cecilia-el-equipo-fiscal-especial-dicto-la-prision-preventiva-para-los-sena-y-sus-cuatro-colaboradores","status":"publish","type":"post","link":"https:\/\/chacosintesis.com.ar\/index.php\/caso-cecilia-el-equipo-fiscal-especial-dicto-la-prision-preventiva-para-los-sena-y-sus-cuatro-colaboradores\/","title":{"rendered":"Caso Cecilia: el Equipo Fiscal Especial dict\u00f3 la prisi\u00f3n preventiva para los Sena y sus cuatro colaboradores"},"content":{"rendered":"<p>En conferencia de prensa, los fiscales C\u00e1ceres Olivera y G\u00f3mez, y la fiscal Vel\u00e1zquez, detallaron las imputaciones de cada uno y c\u00f3mo continuar\u00e1 la investigaci\u00f3n, a la espera de nuevos resultados sobre estudios gen\u00e9ticos e inform\u00e1ticos requeridos.<\/p>\n<p>El Equipo Fiscal Especial dict\u00f3 este jueves el auto de prisi\u00f3n preventiva para C\u00e9sar Sena, su padre Emerenciano Sena y su madre Marcela Acu\u00f1a, adem\u00e1s de sus cuatro colaboradores Gustavo Melgarejo, Fabiana Gonz\u00e1lez, Gustavo Obreg\u00f3n y Griselda Reinoso. Las imputaciones m\u00e1s graves son para los integrantes de la familia Sena, consider\u00e1ndolos coautores del homicidio de Cecilia Strzyzowski.<br \/>\nDurante una rueda de prensa, en el Centro de Estudios Judiciales, quienes integran el Equipo Fiscal Especial, Jorge C\u00e1ceres Olivera, Jorge G\u00f3mez y Nelia Vel\u00e1zquez, acompa\u00f1ados por el fiscal adjunto Miguel Fonteina, dieron detalles de la investigaci\u00f3n y de los principales avances en la causa 2.632\/2023-1 \u201cSena, C\u00e9sar Mario Alejandro y otros s\/ femicidio\u201d, as\u00ed como tambi\u00e9n de las principales pruebas que los llevan a confirmar la medida anunciada y el crimen de la joven.<br \/>\nCon un auto por el cual se dicta la prisi\u00f3n preventiva que tiene cerca de 200 fojas, el fiscal C\u00e1ceres Olivera fue el encargado de confirmar esta para las siete personas que fueron detenidas desde el inicio de la investigaci\u00f3n por la desaparici\u00f3n de Cecilia. As\u00ed, las calificaciones legales para cada detenido son las siguientes:<br \/>\n-C\u00e9sar Sena: homicidio triplemente agravado por el v\u00ednculo y por haberse cometido en contexto de violencia de g\u00e9nero en car\u00e1cter de autor y por el concurso premeditado de dos o m\u00e1s personas en car\u00e1cter de coautor (art\u00edculo 80 incisos 1, 11, 6 y art\u00edculo 45 todos del C\u00f3digo Penal en funci\u00f3n de la ley 26.485).<br \/>\n-Emerenciano Sena y Marcela Acu\u00f1a: homicidio agravado por el concurso premeditado de dos o m\u00e1s personas en car\u00e1cter de coautores (art\u00edculo 80 inciso 6 y art\u00edculo 45 todos del C\u00f3digo Penal).<br \/>\n-Gustavo Melgarejo, Griselda Reinoso, Gustavo Obreg\u00f3n y Fabiana Gonz\u00e1lez: encubrimiento agravado (art\u00edculo 277 inciso 3 ac\u00e1pite &#8220;a&#8221; en funci\u00f3n del inciso 1 ac\u00e1pite &#8220;b&#8221; del C\u00f3digo Penal).<br \/>\nEn todos los casos por aplicaci\u00f3n del art\u00edculo 289 incisos 1 y 2 del C\u00f3digo Procesal Penal.<br \/>\nAcerca de la decisi\u00f3n de dictar a los colaboradores de la familia Sena la prisi\u00f3n preventiva, pese a ser un delito por el cual los imputados podr\u00edan transitar en libertad lo que resta de la investigaci\u00f3n y hasta la elevaci\u00f3n a juicio, el fiscal C\u00e1ceres Olivera fundament\u00f3 que fue \u201cla gravedad del hecho\u201d y &#8220;la conducta&#8221; de Obreg\u00f3n, Gonz\u00e1lez, Melgarejo y Reinoso de \u201centorpecimiento de la investigaci\u00f3n\u201d, y a \u201cla cantidad de maniobras que realizaron para eliminar elementos probatorios que pod\u00edan ser incorporados a la causa\u201d, la que pes\u00f3 a la hora de definir que no recuperen su libertad durante esta etapa procesal.<\/p>\n<p>Fundamentos<\/p>\n<p>En sus fundamentos, los fiscales afirmaron que el presente auto de procesamiento \u201cse vislumbra como la \u00fanica medida posible para garantizar la adecuada investigaci\u00f3n y juicio en caso de elevarse la causa, as\u00ed como tambi\u00e9n que, en raz\u00f3n de la naturaleza del hecho delictivo de extrema gravedad y el modo de comisi\u00f3n del mismo, as\u00ed como el contexto que lo rodea y el accionar de los imputados, que evidencian vehementes indicios de que podr\u00edan entorpecer la investigaci\u00f3n, sumado a que en caso de ser condenados la pena podr\u00eda ser de cumplimiento efectivo, es que se dicta la presente medida cautelar\u201d.<br \/>\n\u201cIndependientemente de ello, no desconoce este Ministerio P\u00fablico las garant\u00edas emergentes de nuestra Constituci\u00f3n Nacional, Provincial y Tratados Internacionales, referentes a la libertad de los procesados, pero esta garant\u00eda debe ceder cuando fines superiores de justicia y de aplicaci\u00f3n de la ley de fondo determinan sobradamente que un hecho de estas caracter\u00edsticas, de violencia contra la mujer, merecen la protecci\u00f3n de la ley para permitir la b\u00fasqueda de la verdad y la aplicaci\u00f3n de la ley, lo que hace que la medida cautelar en cuesti\u00f3n resulte ajustada a la norma procesal que la regula en el art. 289 del C.P.P.\u201d, agregaron.<br \/>\nPor todo esto aseguraron que \u201cexisten elementos de convicci\u00f3n suficientes para sostener como probable la participaci\u00f3n punible de los encartados y adem\u00e1s existen indicios vehementes de que tratar\u00e1n de eludir la acci\u00f3n de la justicia o entorpecer la investigaci\u00f3n\u201d.<\/p>\n<p>\u201cEstaba ilusionada con ese viaje\u201d<\/p>\n<p>Fue el fiscal Jorge G\u00f3mez quien detall\u00f3 los hechos principales sobre la muerte de Cecilia, y c\u00f3mo el equipo fiscal los tiene acreditado en el expediente. \u201cEn esta resoluci\u00f3n (auto de prisi\u00f3n preventiva) tenemos que Cecilia ingres\u00f3 a esa casa de Santa Mar\u00eda de Oro 1460 a las 9.16 (del 2 de junio), y no sali\u00f3 por sus propios medios. Ella cre\u00eda que iba a viajar a Ushuaia. Tal es as\u00ed que prepar\u00f3 su valija, se despidi\u00f3 de su familia y, como nunca hab\u00eda viajado a Buenos Aires, les contaba a sus amigos y familiares que ten\u00eda miedo de viajar en avi\u00f3n. Adem\u00e1s, las \u00faltimas b\u00fasquedas que hizo en Google fueron c\u00f3mo armar una valija, qu\u00e9 llevar en un avi\u00f3n, d\u00f3nde comprar chocolates en Buenos Aires, d\u00f3nde tomar el mejor caf\u00e9 en Buenos Aires\u201d, repas\u00f3.<br \/>\n\u201cCon estos datos, se va viendo que ella cre\u00eda en esa historia del viaje y que estaba ilusionada con ese viaje. Adem\u00e1s, se incorpor\u00f3 como prueba que nunca se compraron los pasajes ni se hizo una reserva por v\u00eda terrestre ni a\u00e9rea. Se incorpor\u00f3 tambi\u00e9n que, en funci\u00f3n de c\u00e1maras de seguridad de la casa de enfrente, Cecilia nunca sali\u00f3 por sus propios medios de esa casa\u201d, detall\u00f3 el fiscal.<br \/>\nEn ese relato, agreg\u00f3: \u201cHemos podido, a trav\u00e9s de esas im\u00e1genes, corroborar que aproximadamente a las 18 (de ese d\u00eda 2 de junio), salieron de esa casa con bolsas de residuos en actitud muy sospechosa, que adem\u00e1s se incorpora con otra prueba, y que debajo de esas bolsas estar\u00eda el cuerpo de Cecilia, envuelto en una frazada color marr\u00f3n, que ser\u00eda de la casa de la familia Sena\u201d.<br \/>\nOtro detalle relevante incorporado como prueba en el expediente que dio a conocer G\u00f3mez es que pudo comprobarse que \u201cen el campo de la familia Sena, com\u00fanmente denominado \u2018chancher\u00eda\u2019, hubo una quemaz\u00f3n y all\u00ed se encontraron restos \u00f3seos que corresponden a una persona humana. Tambi\u00e9n en el r\u00edo Tragadero, que queda muy cerca (del campo) se encontraron restos \u00f3seos humanos que son de una persona adulta y se corresponden con una \u00fanica persona. Son huesos de manos, pies y cr\u00e1neo. Y los restos de cr\u00e1neo pertenecen todos a una persona adulta\u201d.<br \/>\nDe esa manera, el fiscal resalt\u00f3 que est\u00e1 \u201cacreditado todo el derrotero que tuvo Cecilia ese d\u00eda\u201d. \u201cY tambi\u00e9n tenemos que en el horario que va desde las 12.13 hasta las 13.03, C\u00e9sar Sena, Emerenciano Sena y Marcela Acu\u00f1a estuvieron en el lugar (la vivienda de Santa Mar\u00eda de Oro 1460)\u201d.<br \/>\nAdem\u00e1s, se refiri\u00f3 a las heridas que presentaba C\u00e9sar Sena, indicando que \u201ca las 11 de la ma\u00f1ana, lo vieron sin que tenga ninguna lesi\u00f3n en cuello y mano. Y, a la tarde, lo ven con lesiones en cuello y mano\u201d.<br \/>\nOtro detalle dado por el fiscal es que \u201clos tel\u00e9fonos celulares de C\u00e9sar y Cecilia se movieron en forma conjunta, cuando creemos que ya Cecilia la hab\u00edan asesinado\u201d. \u201cAs\u00ed tenemos un sinn\u00famero de pruebas, concatenadas por el gran equipo de trabajo de la Fiscal\u00eda que preside el doctor Jorge C\u00e1ceres Olivera y con el equipo que formamos despu\u00e9s cuando nos integramos a trabajar. Hay muchos m\u00e1s indicios y por eso es que estamos convencidos de que esta prisi\u00f3n preventiva, independientemente de que las defensas tengan el derecho de oponerse y apelar, van a terminar siendo confirmadas\u201d, afirm\u00f3.<\/p>\n<p>&#8220;Hubo premeditaci\u00f3n&#8221;<\/p>\n<p>Acerca de los hechos, y si hubo un solo autor material, el fiscal C\u00e1ceres Olivera insisti\u00f3 \u2013como en otras ocasiones anteriores- en las dificultades para \u201csaber lo que sucedi\u00f3 con Cecilia\u201d. \u201cVamos a tratar de recabar la mayor cantidad de elementos probatorios que nos permitir\u00e1n una reconstrucci\u00f3n lo m\u00e1s certera\u201d, agreg\u00f3.<br \/>\nAs\u00ed, seg\u00fan lo que est\u00e1 acreditado en el expediente, dijo: \u201cTenemos entendido que hubo una premeditaci\u00f3n entre C\u00e9sar Sena y sus padres para darle muerte a Cecilia\u201d. \u201cSi bien c\u00f3mo muri\u00f3 no fue determinado a la fecha, esperamos que el equipo de antrop\u00f3logos pueda darnos alguna pista sobre si se utiliz\u00f3 alg\u00fan elemento espec\u00edfico\u201d, ampli\u00f3, pero destac\u00f3 que la investigaci\u00f3n e incorporaci\u00f3n de pruebas contin\u00faa.<br \/>\nLuego, C\u00e1ceres Olivera habl\u00f3 sobres las posibles motivaciones del crimen, y se\u00f1al\u00f3: \u201cNo descartamos ninguna hip\u00f3tesis que pueda surgir. Pero tenemos comprobado que una de las probabilidades m\u00e1s fuertes que pudo llevar a esta familia a cometer este hecho tan aberrante fue una cuesti\u00f3n econ\u00f3mica; pero son circunstancias que pueden ir variando. Al momento de dictar el requerimiento de elevaci\u00f3n a juicio, podremos lograr una certeza de cu\u00e1l fue el m\u00f3vil\u201d.<\/p>\n<p>C\u00f3mo sigue la investigaci\u00f3n y el proceso<\/p>\n<p>Acerca de la continuidad de la investigaci\u00f3n, la fiscal Vel\u00e1zquez confirm\u00f3 que, con la correspondiente cadena de custodia, los restos \u00f3seos se trasladar\u00e1n al laboratorio de la provincia de C\u00f3rdoba recomendado por el equipo antropol\u00f3gico que pudo determinar aqu\u00ed en el Chaco que se trata de restos humanos. \u201cSuele tardar alrededor de un mes el estudio, y nos adelantaron que existe la posibilidad de que no haya resultado alguno, por el estado en que se encontraron, calcinados y en el agua\u201d, detall\u00f3.<br \/>\nY con respecto a la continuidad del proceso penal, el fiscal G\u00f3mez explic\u00f3 que el pr\u00f3ximo paso ser\u00e1 que las prisiones preventivas queden firmes, lo que se concretar\u00e1 si las defensas de los imputados no se oponen ante el juez de Garant\u00edas o apelan ante la C\u00e1mara de Apelaciones. \u201cDeben elegir una de esas v\u00edas\u201d, resalt\u00f3.<br \/>\nResuelta esa instancia \u2013dijo- si se confirman las prisiones preventivas, la investigaci\u00f3n contin\u00faa hasta el dictado del requerimiento de la elevaci\u00f3n a juicio, que es \u201cuna pieza procesal donde el fiscal dice que el caso debe ventilarse en un juicio por jurados\u201d.<br \/>\nPor \u00faltimo, G\u00f3mez estim\u00f3 que ser\u00e1 poco probable terminar con la etapa de investigaci\u00f3n antes de la feria judicial del mes de julio, para la que restan s\u00f3lo dos semanas. \u201cFalta la incorporaci\u00f3n de muchas pruebas cient\u00edficas\u201d, record\u00f3.<\/p>\n","protected":false},"excerpt":{"rendered":"<p>En conferencia de prensa, los fiscales C\u00e1ceres Olivera y G\u00f3mez, y la fiscal Vel\u00e1zquez, detallaron las imputaciones de cada uno y c\u00f3mo continuar\u00e1 la investigaci\u00f3n, a la espera de nuevos resultados sobre estudios gen\u00e9ticos e inform\u00e1ticos requeridos. El Equipo Fiscal Especial dict\u00f3 este jueves el auto de prisi\u00f3n preventiva para C\u00e9sar Sena, su padre Emerenciano [&hellip;]<\/p>\n","protected":false},"author":1,"featured_media":23093,"comment_status":"closed","ping_status":"closed","sticky":false,"template":"","format":"standard","meta":{"footnotes":""},"categories":[6],"tags":[197],"class_list":{"0":"post-23092","1":"post","2":"type-post","3":"status-publish","4":"format-standard","5":"has-post-thumbnail","7":"category-chaco","8":"tag-destacada"},"_links":{"self":[{"href":"https:\/\/chacosintesis.com.ar\/index.php\/wp-json\/wp\/v2\/posts\/23092","targetHints":{"allow":["GET"]}}],"collection":[{"href":"https:\/\/chacosintesis.com.ar\/index.php\/wp-json\/wp\/v2\/posts"}],"about":[{"href":"https:\/\/chacosintesis.com.ar\/index.php\/wp-json\/wp\/v2\/types\/post"}],"author":[{"embeddable":true,"href":"https:\/\/chacosintesis.com.ar\/index.php\/wp-json\/wp\/v2\/users\/1"}],"replies":[{"embeddable":true,"href":"https:\/\/chacosintesis.com.ar\/index.php\/wp-json\/wp\/v2\/comments?post=23092"}],"version-history":[{"count":0,"href":"https:\/\/chacosintesis.com.ar\/index.php\/wp-json\/wp\/v2\/posts\/23092\/revisions"}],"wp:featuredmedia":[{"embeddable":true,"href":"https:\/\/chacosintesis.com.ar\/index.php\/wp-json\/wp\/v2\/media\/23093"}],"wp:attachment":[{"href":"https:\/\/chacosintesis.com.ar\/index.php\/wp-json\/wp\/v2\/media?parent=23092"}],"wp:term":[{"taxonomy":"category","embeddable":true,"href":"https:\/\/chacosintesis.com.ar\/index.php\/wp-json\/wp\/v2\/categories?post=23092"},{"taxonomy":"post_tag","embeddable":true,"href":"https:\/\/chacosintesis.com.ar\/index.php\/wp-json\/wp\/v2\/tags?post=23092"}],"curies":[{"name":"wp","href":"https:\/\/api.w.org\/{rel}","templated":true}]}}