{"id":23088,"date":"2023-06-29T12:07:57","date_gmt":"2023-06-29T15:07:57","guid":{"rendered":"https:\/\/chacosintesis.com.ar\/?p=23088"},"modified":"2023-06-29T12:40:17","modified_gmt":"2023-06-29T15:40:17","slug":"el-clan-sena-paso-por-la-fiscalia-y-fue-notificado-sobre-las-pruebas-que-pesan-en-su-contra","status":"publish","type":"post","link":"https:\/\/chacosintesis.com.ar\/index.php\/el-clan-sena-paso-por-la-fiscalia-y-fue-notificado-sobre-las-pruebas-que-pesan-en-su-contra\/","title":{"rendered":"El &#8220;Clan Sena&#8221; pas\u00f3 por la fiscal\u00eda y fue notificado sobre las pruebas que pesan en su contra"},"content":{"rendered":"<p>Tras una jornada que se cerr\u00f3 con algunos incidentes anoche, Emerenciano Sena, Marcela Acu\u00f1a y el hijo de la pareja, C\u00e9sar Sena, fueron trasladados a la sede judicial durante las primeras horas de este jueves. El joven, principal acusado por homicidio triplemente calificado, agravado por el v\u00ednculo y femicidio y por el concurso premeditado por 2 o m\u00e1s personas, volvi\u00f3 a negarse a declarar. Los padres no ampliaron su declaraci\u00f3n y fueron trasladados a sus lugares de reclusi\u00f3n.<\/p>\n<p>En un operativo que comenz\u00f3 pasadas las poco antes de las 5 de ma\u00f1ana de este jueves, Emerenciano Sena, Marcela Acu\u00f1a y el hijo de la pareja, C\u00e9sar Sena; los principales sospechosos de concretar el presunto femicidio de Cecilia Strzyzowski, pasaron por las fiscal\u00edas de la Avenida 9 de Julio, donde el Equipo Fiscal que trabaja en la causa les notific\u00f3 las pruebas pesan en su contra.<\/p>\n<p>Tras un cierre de mi\u00e9rcoles agitado, con periodistas que resultaron con lesiones leves por un desmesurado accionar policial que no facilit\u00f3 el acceso a las im\u00e1genes de los colaboradores del &#8220;Clan Sena&#8221; saliendo de la sede judicial; hoy las actividades comenzaron bien temprano y, para las 8, los imputados ya hab\u00edan sido trasladados nuevamente a sus lugares de detenci\u00f3n.<\/p>\n<p> Mientras se esperan los testimonios de los funcionarios judiciales o los abogados de las partes, se supo que C\u00e9sar Sena volvi\u00f3 a negarse a declarar. Los fiscales le notificaron que se lo acusa de homicidio agravado por el v\u00ednculo, y concurso premeditado de dos o m\u00e1s personas en un contexto de violencia de g\u00e9nero, lo que califica al crimen como un femicidio.<\/p>\n<p>En tanto, tras escuchar a los fiscales, Emerenciano Sena y Marcela Acu\u00f1a se abstuvieron de declarar y contin\u00faan imputados por coautor\u00eda de homicidio agravado. Es decir que hasta ahora, de los tres, la \u00fanica persona que habl\u00f3 ante los fiscales fue Marcela Acu\u00f1a, en una audiencia anterior en la que dio su versi\u00f3n sin aceptar preguntas<br \/>\nSe pudo confirmar adem\u00e1s que el ex marido de Cecilia, fue trasladado a la alcaid\u00eda de Villa Barber\u00e1n, donde por ahora permanece aislado de otros presos. Emerenciano y Marcela regresaron a la Tercera y la Divisi\u00f3n de la Mujer respectivamente.<br \/>\n DIARIO NORTE.\/<\/p>\n<p> tags; destacada<\/p>\n","protected":false},"excerpt":{"rendered":"<p>Tras una jornada que se cerr\u00f3 con algunos incidentes anoche, Emerenciano Sena, Marcela Acu\u00f1a y el hijo de la pareja, C\u00e9sar Sena, fueron trasladados a la sede judicial durante las primeras horas de este jueves. El joven, principal acusado por homicidio triplemente calificado, agravado por el v\u00ednculo y femicidio y por el concurso premeditado por [&hellip;]<\/p>\n","protected":false},"author":1,"featured_media":23089,"comment_status":"closed","ping_status":"closed","sticky":false,"template":"","format":"standard","meta":{"footnotes":""},"categories":[6],"tags":[],"class_list":{"0":"post-23088","1":"post","2":"type-post","3":"status-publish","4":"format-standard","5":"has-post-thumbnail","7":"category-chaco"},"_links":{"self":[{"href":"https:\/\/chacosintesis.com.ar\/index.php\/wp-json\/wp\/v2\/posts\/23088","targetHints":{"allow":["GET"]}}],"collection":[{"href":"https:\/\/chacosintesis.com.ar\/index.php\/wp-json\/wp\/v2\/posts"}],"about":[{"href":"https:\/\/chacosintesis.com.ar\/index.php\/wp-json\/wp\/v2\/types\/post"}],"author":[{"embeddable":true,"href":"https:\/\/chacosintesis.com.ar\/index.php\/wp-json\/wp\/v2\/users\/1"}],"replies":[{"embeddable":true,"href":"https:\/\/chacosintesis.com.ar\/index.php\/wp-json\/wp\/v2\/comments?post=23088"}],"version-history":[{"count":0,"href":"https:\/\/chacosintesis.com.ar\/index.php\/wp-json\/wp\/v2\/posts\/23088\/revisions"}],"wp:featuredmedia":[{"embeddable":true,"href":"https:\/\/chacosintesis.com.ar\/index.php\/wp-json\/wp\/v2\/media\/23089"}],"wp:attachment":[{"href":"https:\/\/chacosintesis.com.ar\/index.php\/wp-json\/wp\/v2\/media?parent=23088"}],"wp:term":[{"taxonomy":"category","embeddable":true,"href":"https:\/\/chacosintesis.com.ar\/index.php\/wp-json\/wp\/v2\/categories?post=23088"},{"taxonomy":"post_tag","embeddable":true,"href":"https:\/\/chacosintesis.com.ar\/index.php\/wp-json\/wp\/v2\/tags?post=23088"}],"curies":[{"name":"wp","href":"https:\/\/api.w.org\/{rel}","templated":true}]}}