{"id":23086,"date":"2023-06-27T11:49:35","date_gmt":"2023-06-27T14:49:35","guid":{"rendered":"https:\/\/chacosintesis.com.ar\/?p=23086"},"modified":"2023-06-27T12:08:22","modified_gmt":"2023-06-27T15:08:22","slug":"la-ucr-considero-subjetiva-la-intervencion-de-la-fundacion-de-los-sena-y-pidio-al-fiscal-de-estado-que-actue","status":"publish","type":"post","link":"https:\/\/chacosintesis.com.ar\/index.php\/la-ucr-considero-subjetiva-la-intervencion-de-la-fundacion-de-los-sena-y-pidio-al-fiscal-de-estado-que-actue\/","title":{"rendered":"La UCR consider\u00f3 &#8220;subjetiva&#8221; la intervenci\u00f3n de la fundaci\u00f3n de los Sena y pidi\u00f3 al fiscal de Estado que act\u00fae"},"content":{"rendered":"<p>Esta ma\u00f1ana, los diputados del Interbloque UCR, en el marco de una rueda de prensa, pidieron al Fiscal de Estado la intervenci\u00f3n urgente sobre todos los bienes muebles o inmuebles que se hayan otorgado desde el estado provincial a la Fundaci\u00f3n Sa\u00fal Acu\u00f1a, a la Cooperativa de Trabajo Sa\u00fal Andr\u00e9s Acu\u00f1a, a Emerenciano Sena, Marcela Acu\u00f1a, C\u00e9sar Sena y\/o cualquier otra persona vinculada a los nombrados.<br \/>\nEste lunes, ingres\u00f3 a la Legislatura el Proyecto 1505\/2023 y fue presentado por el bloque radical. \u201cEste pedido, de intervenci\u00f3n que le hacemos al Fiscal de Estado es por lo que ya es p\u00fablico y notorio, la gran cantidad de bienes, tractores, camiones, retroexcavadoras, camionetas, la disposici\u00f3n y posesi\u00f3n de bienes inmuebles que se habr\u00edan otorgados por el Estado Provincial a las personas mencionadas anteriormente\u201d- manifestaron.<br \/>\nASEGURAMIENTO DE LOS BIENES PARA QUE NO SEAN ENAJENADOS<br \/>\nLos legisladores tambi\u00e9n solicitaron al Fiscal de Estado: \u201cel aseguramiento de los bienes para que no sean enajenados, mediante medidas precautorias de cualquier naturaleza a los efectos del inicio de posibles acciones de retrocesi\u00f3n por incumplimiento de objetivos y\/o env\u00edo a esta C\u00e1mara de Diputados de proyecto de ley de expropiaci\u00f3n con identificaci\u00f3n de los inmuebles correspondientes si fuera necesario\u201d.<br \/>\nPor \u00faltimo, remarcaron que el proyecto en otro de sus art\u00edculos expresa que: \u201cel Poder Ejecutivo deber\u00e1 suspender todo contrato y\/o convenio de obras o servicios entre el estado provincial y los arriba nombrados; como as\u00ed tambi\u00e9n con empresas cuyos beneficiarios sean los mencionados en forma directa, hasta la dilucidaci\u00f3n de la causa\u201d.<br \/>\nAcompa\u00f1aron esta rueda de prensa, los diputados Carim Peche, Leandro Zdero, Livio Guti\u00e9rrez, Alejandro Aradas, Zulma Galeano, D\u00e9bora Cardozo, Dorys Arkwright, Silvina Reiser y Sebasti\u00e1n Lazzarini.<\/p>\n","protected":false},"excerpt":{"rendered":"<p>Esta ma\u00f1ana, los diputados del Interbloque UCR, en el marco de una rueda de prensa, pidieron al Fiscal de Estado la intervenci\u00f3n urgente sobre todos los bienes muebles o inmuebles que se hayan otorgado desde el estado provincial a la Fundaci\u00f3n Sa\u00fal Acu\u00f1a, a la Cooperativa de Trabajo Sa\u00fal Andr\u00e9s Acu\u00f1a, a Emerenciano Sena, Marcela [&hellip;]<\/p>\n","protected":false},"author":1,"featured_media":23087,"comment_status":"closed","ping_status":"closed","sticky":false,"template":"","format":"standard","meta":{"footnotes":""},"categories":[6],"tags":[],"class_list":{"0":"post-23086","1":"post","2":"type-post","3":"status-publish","4":"format-standard","5":"has-post-thumbnail","7":"category-chaco"},"_links":{"self":[{"href":"https:\/\/chacosintesis.com.ar\/index.php\/wp-json\/wp\/v2\/posts\/23086","targetHints":{"allow":["GET"]}}],"collection":[{"href":"https:\/\/chacosintesis.com.ar\/index.php\/wp-json\/wp\/v2\/posts"}],"about":[{"href":"https:\/\/chacosintesis.com.ar\/index.php\/wp-json\/wp\/v2\/types\/post"}],"author":[{"embeddable":true,"href":"https:\/\/chacosintesis.com.ar\/index.php\/wp-json\/wp\/v2\/users\/1"}],"replies":[{"embeddable":true,"href":"https:\/\/chacosintesis.com.ar\/index.php\/wp-json\/wp\/v2\/comments?post=23086"}],"version-history":[{"count":0,"href":"https:\/\/chacosintesis.com.ar\/index.php\/wp-json\/wp\/v2\/posts\/23086\/revisions"}],"wp:featuredmedia":[{"embeddable":true,"href":"https:\/\/chacosintesis.com.ar\/index.php\/wp-json\/wp\/v2\/media\/23087"}],"wp:attachment":[{"href":"https:\/\/chacosintesis.com.ar\/index.php\/wp-json\/wp\/v2\/media?parent=23086"}],"wp:term":[{"taxonomy":"category","embeddable":true,"href":"https:\/\/chacosintesis.com.ar\/index.php\/wp-json\/wp\/v2\/categories?post=23086"},{"taxonomy":"post_tag","embeddable":true,"href":"https:\/\/chacosintesis.com.ar\/index.php\/wp-json\/wp\/v2\/tags?post=23086"}],"curies":[{"name":"wp","href":"https:\/\/api.w.org\/{rel}","templated":true}]}}