{"id":23084,"date":"2023-06-27T08:24:14","date_gmt":"2023-06-27T11:24:14","guid":{"rendered":"https:\/\/chacosintesis.com.ar\/?p=23084"},"modified":"2023-06-27T08:36:40","modified_gmt":"2023-06-27T11:36:40","slug":"separan-de-sus-funciones-a-un-efectivo-policial-por-ejercer-violencia-de-genero","status":"publish","type":"post","link":"https:\/\/chacosintesis.com.ar\/index.php\/separan-de-sus-funciones-a-un-efectivo-policial-por-ejercer-violencia-de-genero\/","title":{"rendered":"Separan de sus funciones a un efectivo policial por ejercer violencia de g\u00e9nero"},"content":{"rendered":"<p>Por orden del Jefe de Polic\u00eda, el Departamento Violencia Familiar de G\u00e9nero actu\u00f3 de oficio y se iniciaron acciones judiciales. Ante el hecho, se inici\u00f3 un sumario administrativo al efectivo involucrado.<\/p>\n<p>A trav\u00e9s del \u00d3rgano de Control Institucional (OCI), el Ministerio de Seguridad y Justicia de la provincia intervino en un caso de violencia de g\u00e9nero ejercida por un personal policial contra una mujer, tambi\u00e9n integrante de la fuerza.<br \/>\nDe acuerdo al informe del OCI, al tomar conocimiento de las agresiones ejercidas por el empleado policial, que son de p\u00fablico conocimiento, y al no haber denuncias formales por el hecho, el Jefe de Polic\u00eda Ariel Acu\u00f1a orden\u00f3 al Departamento Violencia Familiar y G\u00e9nero que se realice una actuaci\u00f3n de oficio.<br \/>\nA la vez, iniciaron tambi\u00e9n actuaciones judiciales en contra del empleado policial y se abri\u00f3 una Informaci\u00f3n Sumaria Administrativa en car\u00e1cter de sumar\u00edsima, conforme lo establecido en la Ley N\u00b0 2141-J. Siguiendo lo establecido por esa norma, retuvieron el arma reglamentaria a ambos efectivos policiales, considerando adem\u00e1s la situaci\u00f3n de convivencia.<br \/>\nLa intervenci\u00f3n judicial est\u00e1 a cargo de la Doctora Rosana Soto, que se encuentra subrogando la Fiscal\u00eda Especial en Tem\u00e1ticas de G\u00e9nero, quien ya tom\u00f3 las primeras medidas preventivas en el caso.<br \/>\nParalelamente, por orden de la ministra de Seguridad y Justicia, Gloria Zalazar, el OCI inici\u00f3 de oficio un Sumario Administrativo al efectivo policial. Como medida preventiva las autoridades del OCI, resolvieron separarlo del servicio con retenci\u00f3n de haberes.<br \/>\nAutoridades del Ministerio de Seguridad y Justicia y de la Polic\u00eda del Chaco manifestaron adem\u00e1s su repudio ante este hecho de violencia por razones de g\u00e9nero, instando a la ciudadan\u00eda a denunciar cualquier hecho similar comunic\u00e1ndose a las L\u00edneas 137 y 911, o bien acerc\u00e1ndose a la unidad policial m\u00e1s cercana a su domicilio.<br \/>\nDesde la Secretar\u00eda de Derechos Humanos y G\u00e9neros intervinieron siguiendo el protocolo en casos de violencias por cuestiones de g\u00e9nero. Es as\u00ed que a trav\u00e9s de la representaci\u00f3n de la abogada Alma Gonz\u00e1lez, perteneciente al programa de Litigios Estrat\u00e9gicos, intentaron tomar contacto con la v\u00edctima con el fin de ponerse a disposici\u00f3n desde el organismo para ofrecer asesoramiento legal.<br \/>\nEn esta oportunidad, la mujer involucrada en el hecho opt\u00f3 por no llevar adelante acciones legales contra su agresor. Si bien la familia de la misma tom\u00f3 contacto con el equipo de la Secretar\u00eda solicitando asesoramiento, es importante remarcar que el delito de lesiones es de acci\u00f3n p\u00fablica pero de instancia privada, lo cual quiere decir que el Estado investiga lo sucedido, pero esto debe ser impulsado por pedido de la v\u00edctima, m\u00e1s all\u00e1 de la intervenci\u00f3n que solicite su familia o alg\u00fan tercero.<br \/>\nDe acuerdo a los detalles brindados por la Fiscal\u00eda 9, la v\u00edctima fue debidamente informada de las herramientas legales, de asistencia y contenci\u00f3n con las que cuenta, pero esta dej\u00f3 en claro que no desea accionar penalmente ni avanzar en causa legal alguna.<br \/>\nAnte cualquier situaci\u00f3n de violencia, dar alerta a los n\u00fameros de emergencia como el Servicio 911, la L\u00ednea 137 y la Guardia de G\u00e9nero 362 474-6518, tambi\u00e9n quien posea informaci\u00f3n sobre Cecilia, pueden acercarse a la comisar\u00eda m\u00e1s cercana o a las oficinas judiciales.<\/p>\n","protected":false},"excerpt":{"rendered":"<p>Por orden del Jefe de Polic\u00eda, el Departamento Violencia Familiar de G\u00e9nero actu\u00f3 de oficio y se iniciaron acciones judiciales. Ante el hecho, se inici\u00f3 un sumario administrativo al efectivo involucrado. A trav\u00e9s del \u00d3rgano de Control Institucional (OCI), el Ministerio de Seguridad y Justicia de la provincia intervino en un caso de violencia de [&hellip;]<\/p>\n","protected":false},"author":1,"featured_media":23085,"comment_status":"closed","ping_status":"closed","sticky":false,"template":"","format":"standard","meta":{"footnotes":""},"categories":[6],"tags":[],"class_list":{"0":"post-23084","1":"post","2":"type-post","3":"status-publish","4":"format-standard","5":"has-post-thumbnail","7":"category-chaco"},"_links":{"self":[{"href":"https:\/\/chacosintesis.com.ar\/index.php\/wp-json\/wp\/v2\/posts\/23084","targetHints":{"allow":["GET"]}}],"collection":[{"href":"https:\/\/chacosintesis.com.ar\/index.php\/wp-json\/wp\/v2\/posts"}],"about":[{"href":"https:\/\/chacosintesis.com.ar\/index.php\/wp-json\/wp\/v2\/types\/post"}],"author":[{"embeddable":true,"href":"https:\/\/chacosintesis.com.ar\/index.php\/wp-json\/wp\/v2\/users\/1"}],"replies":[{"embeddable":true,"href":"https:\/\/chacosintesis.com.ar\/index.php\/wp-json\/wp\/v2\/comments?post=23084"}],"version-history":[{"count":0,"href":"https:\/\/chacosintesis.com.ar\/index.php\/wp-json\/wp\/v2\/posts\/23084\/revisions"}],"wp:featuredmedia":[{"embeddable":true,"href":"https:\/\/chacosintesis.com.ar\/index.php\/wp-json\/wp\/v2\/media\/23085"}],"wp:attachment":[{"href":"https:\/\/chacosintesis.com.ar\/index.php\/wp-json\/wp\/v2\/media?parent=23084"}],"wp:term":[{"taxonomy":"category","embeddable":true,"href":"https:\/\/chacosintesis.com.ar\/index.php\/wp-json\/wp\/v2\/categories?post=23084"},{"taxonomy":"post_tag","embeddable":true,"href":"https:\/\/chacosintesis.com.ar\/index.php\/wp-json\/wp\/v2\/tags?post=23084"}],"curies":[{"name":"wp","href":"https:\/\/api.w.org\/{rel}","templated":true}]}}