{"id":23082,"date":"2023-06-27T08:15:51","date_gmt":"2023-06-27T11:15:51","guid":{"rendered":"https:\/\/chacosintesis.com.ar\/?p=23082"},"modified":"2023-06-27T08:36:39","modified_gmt":"2023-06-27T11:36:39","slug":"inauguran-pavimento-urbano-para-descomprimir-el-transito-en-la-zona-noreste-de-resistencia","status":"publish","type":"post","link":"https:\/\/chacosintesis.com.ar\/index.php\/inauguran-pavimento-urbano-para-descomprimir-el-transito-en-la-zona-noreste-de-resistencia\/","title":{"rendered":"Inauguran pavimento urbano para descomprimir el tr\u00e1nsito en la zona noreste de Resistencia"},"content":{"rendered":"<p>El gobernador habilit\u00f3 una obra vial clave sobre la calle Brown, que permitir\u00e1 descomprimir el tr\u00e1nsito sobre la Avenida 9 de Julio, luego de realizarse trabajos de excavaci\u00f3n, saneamiento y relleno para la recuperaci\u00f3n del espacio.<\/p>\n<p>El gobernador Jorge Capitanich inaugur\u00f3 este lunes nuevo pavimento urbano para la zona Noreste de Resistencia, en este caso para el barrio Donovan, con un presupuesto de $28.902.416 por parte de Vialidad Provincial.<br \/>\n\u201cEste es un viejo anhelo de la comunidad, donde realizamos un trabajo de reubicaci\u00f3n de algunos vecinos que estaban sobre la calzada. Esto permite una circulaci\u00f3n muy significativa para la ciudad\u201d, afirm\u00f3 el mandatario.<br \/>\nSe trata de un tramo de 110 metros sobre la calle Brown, entre Olaf With y Prof. Portela, donde se realizaron trabajos de excavaci\u00f3n, saneamiento y relleno para la recuperaci\u00f3n y reacondicionamiento de la zona a pavimentar. Esta obra toma relevancia porque se trataba de un trazo interrumpido, de zona muy baja y con construcciones, que viene a solucionar un problema que se presentaba en la fluidez vehicular del barrio.<br \/>\nEn este contexto, Capitanich remarc\u00f3 la importancia del pavimento urbano en el mejoramiento de la calidad de vida de los vecinos, y sostuvo que \u201cResistencia tiene un aproximado de 4 mil cuadras, y en nuestras gestiones como gobernador e intendente vamos a cumplir una meta cercana a las 2.500 cuadras pavimentadas. Es decir, gran parte del desarrollo de la ciudad se debe exclusivamente a las obras que pudimos inaugurar\u201d.<\/p>\n<p>Por su parte, el subadministrador de Vialidad Provincial, Carlos Navarro, destac\u00f3 que \u201cse trata de una cuadra muy importante porque es un espacio recuperado y porque principalmente ayudar\u00e1 a disminuir el tr\u00e1nsito sobre la Avenida 9 de Julio, que viene muy comprometida. Fue una ardua labor entre varios sectores de la administraci\u00f3n p\u00fablica, por la reconcesi\u00f3n de construcciones en esa zona y por los trabajos de relleno\u201d.<br \/>\nFinalmente, una vecina de la zona, Teresa P\u00e9rez, agradeci\u00f3 al Gobierno provincial por la obra, ya que \u201clo est\u00e1bamos esperando hace muchos a\u00f1os. Esta cuadra podr\u00e1 parecer poco, pero es muy importante para nosotros, porque nos facilita tareas cotidianas como salir a acompa\u00f1ar a los chicos a la escuela, a tomar el colectivo y tener mayor seguridad\u201d.<\/p>\n","protected":false},"excerpt":{"rendered":"<p>El gobernador habilit\u00f3 una obra vial clave sobre la calle Brown, que permitir\u00e1 descomprimir el tr\u00e1nsito sobre la Avenida 9 de Julio, luego de realizarse trabajos de excavaci\u00f3n, saneamiento y relleno para la recuperaci\u00f3n del espacio. El gobernador Jorge Capitanich inaugur\u00f3 este lunes nuevo pavimento urbano para la zona Noreste de Resistencia, en este caso [&hellip;]<\/p>\n","protected":false},"author":1,"featured_media":23083,"comment_status":"closed","ping_status":"closed","sticky":false,"template":"","format":"standard","meta":{"footnotes":""},"categories":[6],"tags":[],"class_list":{"0":"post-23082","1":"post","2":"type-post","3":"status-publish","4":"format-standard","5":"has-post-thumbnail","7":"category-chaco"},"_links":{"self":[{"href":"https:\/\/chacosintesis.com.ar\/index.php\/wp-json\/wp\/v2\/posts\/23082","targetHints":{"allow":["GET"]}}],"collection":[{"href":"https:\/\/chacosintesis.com.ar\/index.php\/wp-json\/wp\/v2\/posts"}],"about":[{"href":"https:\/\/chacosintesis.com.ar\/index.php\/wp-json\/wp\/v2\/types\/post"}],"author":[{"embeddable":true,"href":"https:\/\/chacosintesis.com.ar\/index.php\/wp-json\/wp\/v2\/users\/1"}],"replies":[{"embeddable":true,"href":"https:\/\/chacosintesis.com.ar\/index.php\/wp-json\/wp\/v2\/comments?post=23082"}],"version-history":[{"count":0,"href":"https:\/\/chacosintesis.com.ar\/index.php\/wp-json\/wp\/v2\/posts\/23082\/revisions"}],"wp:featuredmedia":[{"embeddable":true,"href":"https:\/\/chacosintesis.com.ar\/index.php\/wp-json\/wp\/v2\/media\/23083"}],"wp:attachment":[{"href":"https:\/\/chacosintesis.com.ar\/index.php\/wp-json\/wp\/v2\/media?parent=23082"}],"wp:term":[{"taxonomy":"category","embeddable":true,"href":"https:\/\/chacosintesis.com.ar\/index.php\/wp-json\/wp\/v2\/categories?post=23082"},{"taxonomy":"post_tag","embeddable":true,"href":"https:\/\/chacosintesis.com.ar\/index.php\/wp-json\/wp\/v2\/tags?post=23082"}],"curies":[{"name":"wp","href":"https:\/\/api.w.org\/{rel}","templated":true}]}}