{"id":23078,"date":"2023-06-27T08:06:10","date_gmt":"2023-06-27T11:06:10","guid":{"rendered":"https:\/\/chacosintesis.com.ar\/?p=23078"},"modified":"2023-06-27T08:06:39","modified_gmt":"2023-06-27T11:06:39","slug":"transportistas-y-comerciantes-del-interior-piden-por-la-repavimentacion-de-la-ruta-16","status":"publish","type":"post","link":"https:\/\/chacosintesis.com.ar\/index.php\/transportistas-y-comerciantes-del-interior-piden-por-la-repavimentacion-de-la-ruta-16\/","title":{"rendered":"Transportistas y comerciantes del interior piden por la repavimentaci\u00f3n de la ruta 16"},"content":{"rendered":"<p>El oeste y centro provincial se une en un reclamo un\u00e1nime por la reparaci\u00f3n de un tramo estrat\u00e9gico del corredor bioce\u00e1nico a su paso por el Chaco.<br \/>\n &#8220;Estamos cansados de romper cubiertas y que las llantas se tuerzan; los bacheados que hacen con brea no dan resultado, es una ruta con un tr\u00e1fico intenso&#8221;, dicen los transportistas que a diario transitan por la ruta nacional 16 y que piden que se repavimente el tramo Avia Terai-S\u00e1enz Pe\u00f1a.<\/p>\n<p> A este reclamo se sumaron los comerciantes de Pampa del Infierno, Los Frentones, Avia Terai y Campo Largo que consideran que &#8220;Vialidad Nacional debe tomar una decisi\u00f3n de reparar este tramo del corredor bioce\u00e1nico&#8221;.<br \/>\nPrecisamente, ayer Vialidad Nacional realizaba tareas de bacheos en parte de este tramo. &#8220;Pero eso dura una semana como m\u00e1ximo, y luego queda peor de lo que estaba&#8221;, dijo Francisco Hern\u00e1ndez, un comerciante de Concepci\u00f3n del Bermejo que tuvo que venir a auxiliar a un repartidor que hab\u00eda roto una cubierta en la ma\u00f1ana del s\u00e1bado pasado.<br \/>\nHay partes de este tramo en la cual los conductores sufren lo que literalmente es una odisea, en la que deben ponerse todos los cuidados para evitar hacer maniobras peligrosas para no &#8220;comerse&#8221; las deformaciones de la calzada.<br \/>\nEntre La Mascota y la calle 48, las deformaciones que se hicieron ya provocaron varios accidentes, e inclusive se dio el caso de un motociclista que a\u00fan sufre las consecuencias del mismo, ya que sufri\u00f3 heridas en una pierna al caerse de su rodado cuando para no ser colisionado &#8220;se abri\u00f3&#8221; hacia la banquina inexistente por partes y se top\u00f3 con una cuchilla echa en el pavimento.<br \/>\nEl denominado corredor bioce\u00e1nico, la ruta nacional 16, que en los tramos no concesionados presenta fuertes deterioros, como el tramo de S\u00e1enz Pe\u00f1a a Presidencia de la Plaza, encuentra tambi\u00e9n otras situaciones que implican inseguridad vial por el peligro de ocasionar accidentes, entre S\u00e1enz Pe\u00f1a y Avia Terai.<br \/>\nLas tremendas deformaciones de la calzada, banquina y baches que se fueron creando, por la falta de mantenimiento, es el motivo de la reacci\u00f3n de transportistas y conductores en general que a diario sufren alg\u00fan tipo de accidente generado por el mal estado de la ruta.<\/p>\n<p>DIARIO NORTE.-<\/p>\n","protected":false},"excerpt":{"rendered":"<p>El oeste y centro provincial se une en un reclamo un\u00e1nime por la reparaci\u00f3n de un tramo estrat\u00e9gico del corredor bioce\u00e1nico a su paso por el Chaco. &#8220;Estamos cansados de romper cubiertas y que las llantas se tuerzan; los bacheados que hacen con brea no dan resultado, es una ruta con un tr\u00e1fico intenso&#8221;, dicen [&hellip;]<\/p>\n","protected":false},"author":1,"featured_media":23079,"comment_status":"closed","ping_status":"closed","sticky":false,"template":"","format":"standard","meta":{"footnotes":""},"categories":[6],"tags":[197],"class_list":{"0":"post-23078","1":"post","2":"type-post","3":"status-publish","4":"format-standard","5":"has-post-thumbnail","7":"category-chaco","8":"tag-destacada"},"_links":{"self":[{"href":"https:\/\/chacosintesis.com.ar\/index.php\/wp-json\/wp\/v2\/posts\/23078","targetHints":{"allow":["GET"]}}],"collection":[{"href":"https:\/\/chacosintesis.com.ar\/index.php\/wp-json\/wp\/v2\/posts"}],"about":[{"href":"https:\/\/chacosintesis.com.ar\/index.php\/wp-json\/wp\/v2\/types\/post"}],"author":[{"embeddable":true,"href":"https:\/\/chacosintesis.com.ar\/index.php\/wp-json\/wp\/v2\/users\/1"}],"replies":[{"embeddable":true,"href":"https:\/\/chacosintesis.com.ar\/index.php\/wp-json\/wp\/v2\/comments?post=23078"}],"version-history":[{"count":0,"href":"https:\/\/chacosintesis.com.ar\/index.php\/wp-json\/wp\/v2\/posts\/23078\/revisions"}],"wp:featuredmedia":[{"embeddable":true,"href":"https:\/\/chacosintesis.com.ar\/index.php\/wp-json\/wp\/v2\/media\/23079"}],"wp:attachment":[{"href":"https:\/\/chacosintesis.com.ar\/index.php\/wp-json\/wp\/v2\/media?parent=23078"}],"wp:term":[{"taxonomy":"category","embeddable":true,"href":"https:\/\/chacosintesis.com.ar\/index.php\/wp-json\/wp\/v2\/categories?post=23078"},{"taxonomy":"post_tag","embeddable":true,"href":"https:\/\/chacosintesis.com.ar\/index.php\/wp-json\/wp\/v2\/tags?post=23078"}],"curies":[{"name":"wp","href":"https:\/\/api.w.org\/{rel}","templated":true}]}}