{"id":23049,"date":"2023-06-26T20:09:56","date_gmt":"2023-06-26T23:09:56","guid":{"rendered":"https:\/\/chacosintesis.com.ar\/?p=23049"},"modified":"2023-06-26T20:36:44","modified_gmt":"2023-06-26T23:36:44","slug":"caso-cecilia-el-testimonio-de-gustavo-obregon-la-declaracion-clave-para-llegar-a-los-posibles-restos-oseos","status":"publish","type":"post","link":"https:\/\/chacosintesis.com.ar\/index.php\/caso-cecilia-el-testimonio-de-gustavo-obregon-la-declaracion-clave-para-llegar-a-los-posibles-restos-oseos\/","title":{"rendered":"Caso Cecilia, el testimonio de Gustavo Obreg\u00f3n: la declaraci\u00f3n clave para llegar a los posibles restos \u00f3seos"},"content":{"rendered":"<p>El imputado como &#8220;part\u00edcipe secundario&#8221; por el presunto femicidio brind\u00f3, en su segunda declaraci\u00f3n indagatoria, informaci\u00f3n clave que tuvo como resultado los \u00faltimos rastrillajes que realizaron las y los investigadores.<br \/>\nEl testimonio de Gustavo Obreg\u00f3n, uno de los siete detenidos por el caso de Cecilia Strzyzowski, la joven de 28 a\u00f1os supuestamente asesinada en la ciudad chaque\u00f1a de Resistencia, fue una de las claves que llev\u00f3 a los investigadores a hallar los restos \u00f3seos que, seg\u00fan se presume, pueden ser la v\u00edctima y, en su relato, admiti\u00f3 que, si bien &#8220;todos actuaban normales&#8221;, lo que estaba haciendo a \u00e9l &#8220;le pesaba mucho&#8221;.<br \/>\nSe trata de la segunda declaraci\u00f3n indagatoria que el secretario y asistente de Emerenciano Sena y su esposa Marcela Acu\u00f1a (ambos tambi\u00e9n detenidos en el hecho) realiz\u00f3 ante el Equipo Fiscal Especial (EFE) que deriv\u00f3 el 22 de junio \u00faltimo en los rastrillajes que terminaron con el hallazgo de restos \u00f3seos y del dije con forma de cruz calcinado que pertenec\u00eda a Cecilia.<br \/>\n&#8220;Agarramos la pala y las bolsitas, nos vamos caminando en frente de la virgen, donde se inciner\u00f3 el bulto. Ah\u00ed llegamos, yo le abro las bolsas a C\u00e9sar (Sena) y \u00e9l comienza a cargar las dos bolsas, con la pala, juntando las cenizas desde el medio de la quema. Cuando se cargaban las bolsas, en ning\u00fan momento vi huesos grandes, pero s\u00ed pod\u00eda observar que hab\u00eda huesos chiquititos&#8221;, asegur\u00f3 el acusado en su indagatoria, a la que tuvo acceso T\u00e9lam.<br \/>\nEn su descargo, el hombre dijo que el 2 de junio, \u00faltimo d\u00eda en el que se la vio a Cecilia viva, record\u00f3 que en el Campo Rossi de la localidad de Puerto Tirol &#8211; perteneciente a Emerenciano Sena- entre las 20 y 21 estaba con el hijo de la pareja &#8220;frente a la grutita&#8221;, mientras &#8220;el cuerpo se estaba incinerando&#8221;. Hasta all\u00ed hab\u00edan llegado juntos, a bordo de una camioneta Toyota Hilux de C\u00e9sar Sena, y \u00e9l se qued\u00f3 como &#8220;campana en la oscuridad&#8221; para evitar que se acercara Gustavo Melgarejo, casero del campo, quien tambi\u00e9n est\u00e1 detenido por el caso.<br \/>\nObreg\u00f3n cont\u00f3 a los investigadores que C\u00e9sar Sena manipulaba dos tel\u00e9fonos celulares mientras se incineraban los restos: &#8220;Ah\u00ed no hay nada de luz, estaba todo oscuro, solamente se ve\u00eda la luz del fuego y de los celulares. \u00c9l (C\u00e9sar) estaba parado entre la camioneta y el fuego&#8221;, sostuvo Obreg\u00f3n. El imputado como &#8220;part\u00edcipe secundario&#8221; del homicidio agravado agreg\u00f3 que &#8220;despu\u00e9s de que C\u00e9sar quemara eso&#8221;, le &#8220;hablaba tranquilo&#8221; e inclusive le dijo de ir a &#8220;jugar un pool&#8221;.<br \/>\n&#8220;Estaba tranquilo. Yo estaba asustado, ten\u00eda miedo, ten\u00eda respeto y todo junto, y por eso en el momento no sal\u00ed hablar ni nada. Era yo contra todo el mundo, porque todos en el barrio dec\u00edan que C\u00e9sar era inocente, inclusive no solo la gente del barrio, tambi\u00e9n gente de otro entorno. Yo por eso no hice ninguna denuncia ni declaraci\u00f3n en ese momento&#8221;, se excus\u00f3 Obreg\u00f3n.<br \/>\nEl domingo 4 de junio afirm\u00f3 que en el Campo Rossi hubo un almuerzo, donde prepararon &#8220;chorizos con los compa\u00f1eros&#8221;, pero dijo que &#8220;el d\u00eda importante&#8221; fue el martes 6 de junio cuando alrededor de las 6 de la ma\u00f1ana fue a una obra en construcci\u00f3n en el barrio Emerenciano y cerca del mediod\u00eda C\u00e9sar lleg\u00f3 y le dijo: &#8220;Gusti, cuando termin\u00e1s de hacer tus cosas pasame a buscar por casa para ir al campo&#8221;.<br \/>\nPasadas las 13 fue con su Citro\u00ebn C4 gris a Santa Mar\u00eda de Oro 1460, casa de la familia Sena, lugar donde se cree que ocurri\u00f3 el femicidio, y C\u00e9sar hijo subi\u00f3 al veh\u00edculo para dirigirse al campo, previo paso por un supermercado para comprar &#8220;bolsas de consorcio&#8221;.<br \/>\nTras ello, ambos tomaron la ruta 16 y en la rotonda agarraron por la ruta 11 hasta casi el kil\u00f3metro 1017, donde ingresaron por la entrada que lleva al campo aproximadamente a las 14.30. Seg\u00fan el relato, all\u00ed le pidieron a Melgarejo una &#8220;pala ancha&#8221; y fueron hasta el lugar donde hab\u00edan &#8220;incinerado el bulto&#8221;, pr\u00f3ximo al santuario de la Virgen.<br \/>\n&#8220;Ah\u00ed llegamos, yo le abro las bolsas a C\u00e9sar y \u00e9l comienza a cargar las dos bolsas, con la pala, juntando las cenizas desde el medio de la quema. Cuando se cargaban las bolsas, en ning\u00fan momento vi huesos grandes, pero si pod\u00eda observar que hab\u00eda huesos chiquititos&#8221;, se\u00f1al\u00f3. Luego, subieron al auto y agarraron el camino que lleva hacia la curva y antes de la curva estacionaron.<br \/>\n&#8220;Bajamos con las bolsitas, cada uno llevaba una bolsa, y bajamos por un camino, que es como un sendero, que est\u00e1 al costado izquierdo al Campo Rossi, que baja hacia al r\u00edo (Tragadero)&#8221;, indic\u00f3 Obreg\u00f3n, quien agreg\u00f3 que al llegar al r\u00edo &#8220;C\u00e9sar desata una y larga todo el contenido de la bolsita, en el l\u00edmite del agua y la costa, y despu\u00e9s con la otra bolsita, lo mismo&#8221;. Horas despu\u00e9s, los fiscales llevaron a Obreg\u00f3n hasta el lugar y el mismo imputado fue quien marc\u00f3 el lugar donde finalmente se hallaron restos \u00f3seos que ma\u00f1ana ser\u00e1n analizados por un equipo forense de C\u00f3rdoba.<br \/>\nAlrededor de las 20 de ese mismo 6 de junio, Sena hijo lo llam\u00f3 para que lo pasara a buscar, tras lo cual fueron hasta la casa de Santa Mar\u00eda de Oro, donde C\u00e9sar sali\u00f3 &#8220;con un bolso o valija y una mochila&#8221;. &#8220;Vamos al barrio&#8221;, le encomend\u00f3 el joven de 19 a\u00f1os y en la \u00faltima calle del barrio Emerenciano &#8220;C\u00e9sar se baj\u00f3 y ah\u00ed en la banquina baj\u00f3 la mochila y la valija y ah\u00ed nom\u00e1s prendi\u00f3 fuego con un encendedor, bien al lado del cord\u00f3n&#8221;.<br \/>\n&#8220;Habr\u00e1 tardado cinco minutos aproximadamente en agarrar el fuego, se ve que era todo ropa, pero ni esperamos que agarre completamente, cuando vio C\u00e9sar que estaba prendiendo m\u00e1s o menos me dijo &#8216;vamos'&#8221;, record\u00f3 sobre el lugar en el que finalmente fueron encontrados los elementos de Cecilia que tambi\u00e9n fueron reconocidos en su mayor\u00eda por Gloria. Por \u00faltimo, Obreg\u00f3n afirm\u00f3 que despu\u00e9s de esa situaci\u00f3n &#8220;todos actuaban normales&#8221;.<br \/>\n&#8220;Nadie me coment\u00f3 nada, nadie me dijo nada, nadie me pregunt\u00f3 nada, todos hac\u00edan vida normal. Yo siempre nervioso y asustado con todo esto, y era el \u00fanico que estaba as\u00ed porque todos dec\u00edan que C\u00e9sar era inocente, pero a m\u00ed me pesaba y me pesa todo esto que hab\u00edamos hecho, sabiendo lo que hab\u00edamos hecho&#8221;, concluy\u00f3.<br \/>\nFuente: T\u00e9lam<\/p>\n","protected":false},"excerpt":{"rendered":"<p>El imputado como &#8220;part\u00edcipe secundario&#8221; por el presunto femicidio brind\u00f3, en su segunda declaraci\u00f3n indagatoria, informaci\u00f3n clave que tuvo como resultado los \u00faltimos rastrillajes que realizaron las y los investigadores. El testimonio de Gustavo Obreg\u00f3n, uno de los siete detenidos por el caso de Cecilia Strzyzowski, la joven de 28 a\u00f1os supuestamente asesinada en la [&hellip;]<\/p>\n","protected":false},"author":1,"featured_media":23050,"comment_status":"closed","ping_status":"closed","sticky":false,"template":"","format":"standard","meta":{"footnotes":""},"categories":[6],"tags":[],"class_list":{"0":"post-23049","1":"post","2":"type-post","3":"status-publish","4":"format-standard","5":"has-post-thumbnail","7":"category-chaco"},"_links":{"self":[{"href":"https:\/\/chacosintesis.com.ar\/index.php\/wp-json\/wp\/v2\/posts\/23049","targetHints":{"allow":["GET"]}}],"collection":[{"href":"https:\/\/chacosintesis.com.ar\/index.php\/wp-json\/wp\/v2\/posts"}],"about":[{"href":"https:\/\/chacosintesis.com.ar\/index.php\/wp-json\/wp\/v2\/types\/post"}],"author":[{"embeddable":true,"href":"https:\/\/chacosintesis.com.ar\/index.php\/wp-json\/wp\/v2\/users\/1"}],"replies":[{"embeddable":true,"href":"https:\/\/chacosintesis.com.ar\/index.php\/wp-json\/wp\/v2\/comments?post=23049"}],"version-history":[{"count":0,"href":"https:\/\/chacosintesis.com.ar\/index.php\/wp-json\/wp\/v2\/posts\/23049\/revisions"}],"wp:featuredmedia":[{"embeddable":true,"href":"https:\/\/chacosintesis.com.ar\/index.php\/wp-json\/wp\/v2\/media\/23050"}],"wp:attachment":[{"href":"https:\/\/chacosintesis.com.ar\/index.php\/wp-json\/wp\/v2\/media?parent=23049"}],"wp:term":[{"taxonomy":"category","embeddable":true,"href":"https:\/\/chacosintesis.com.ar\/index.php\/wp-json\/wp\/v2\/categories?post=23049"},{"taxonomy":"post_tag","embeddable":true,"href":"https:\/\/chacosintesis.com.ar\/index.php\/wp-json\/wp\/v2\/tags?post=23049"}],"curies":[{"name":"wp","href":"https:\/\/api.w.org\/{rel}","templated":true}]}}