{"id":23047,"date":"2023-06-26T20:08:30","date_gmt":"2023-06-26T23:08:30","guid":{"rendered":"https:\/\/chacosintesis.com.ar\/?p=23047"},"modified":"2023-06-26T20:36:43","modified_gmt":"2023-06-26T23:36:43","slug":"detienen-a-uno-de-los-profugos-por-el-homicidio-de-fernando-francovich","status":"publish","type":"post","link":"https:\/\/chacosintesis.com.ar\/index.php\/detienen-a-uno-de-los-profugos-por-el-homicidio-de-fernando-francovich\/","title":{"rendered":"Detienen a uno de los pr\u00f3fugos por el homicidio de Fernando Francovich"},"content":{"rendered":"<p>El hombre estar\u00eda involucrado en la muerte del camionero ocurrido en marzo pasado. Ya son tres las personas detenidas por el asesinato.<br \/>\nEfectivos de la Divisi\u00f3n Investigaciones Complejas de la Polic\u00eda del Chaco de S\u00e1enz Pe\u00f1a atraparon este lunes a un hombre presuntamente implicado en el asesinato del camionero Fernando Francovich ocurrido en marzo de este a\u00f1o. Los investigadores desplegaron un operativo centrado en distintos puntos donde podr\u00eda llegar a darse un encuentro entre el sospechoso y un posible abogado.<br \/>\nDesde el incidente en marzo, tres hombres fueron detenidos. Este lunes, atraparon a uno de ellos en la esquina de calle 19 y 10 en la Ciudad Termal, seg\u00fan se inform\u00f3 esta tarde desde la fuerza policial. Seg\u00fan las investigaciones, el sospechoso iba a reunirse con un abogado, pero lo atraparon a bordo de una Chevrolet S-10 que pertenecer\u00eda a su hermano.<br \/>\nEl hombre estar\u00eda implicado en el asesinato del camionero, Fernando Francovich, quien fue abordado por una camioneta blanca el 21 de marzo en Ruta Nacional N\u00b016. Por el crimen, tres hombres fueron detenidos.<\/p>\n","protected":false},"excerpt":{"rendered":"<p>El hombre estar\u00eda involucrado en la muerte del camionero ocurrido en marzo pasado. Ya son tres las personas detenidas por el asesinato. Efectivos de la Divisi\u00f3n Investigaciones Complejas de la Polic\u00eda del Chaco de S\u00e1enz Pe\u00f1a atraparon este lunes a un hombre presuntamente implicado en el asesinato del camionero Fernando Francovich ocurrido en marzo de [&hellip;]<\/p>\n","protected":false},"author":1,"featured_media":23048,"comment_status":"closed","ping_status":"closed","sticky":false,"template":"","format":"standard","meta":{"footnotes":""},"categories":[6],"tags":[],"class_list":{"0":"post-23047","1":"post","2":"type-post","3":"status-publish","4":"format-standard","5":"has-post-thumbnail","7":"category-chaco"},"_links":{"self":[{"href":"https:\/\/chacosintesis.com.ar\/index.php\/wp-json\/wp\/v2\/posts\/23047","targetHints":{"allow":["GET"]}}],"collection":[{"href":"https:\/\/chacosintesis.com.ar\/index.php\/wp-json\/wp\/v2\/posts"}],"about":[{"href":"https:\/\/chacosintesis.com.ar\/index.php\/wp-json\/wp\/v2\/types\/post"}],"author":[{"embeddable":true,"href":"https:\/\/chacosintesis.com.ar\/index.php\/wp-json\/wp\/v2\/users\/1"}],"replies":[{"embeddable":true,"href":"https:\/\/chacosintesis.com.ar\/index.php\/wp-json\/wp\/v2\/comments?post=23047"}],"version-history":[{"count":0,"href":"https:\/\/chacosintesis.com.ar\/index.php\/wp-json\/wp\/v2\/posts\/23047\/revisions"}],"wp:featuredmedia":[{"embeddable":true,"href":"https:\/\/chacosintesis.com.ar\/index.php\/wp-json\/wp\/v2\/media\/23048"}],"wp:attachment":[{"href":"https:\/\/chacosintesis.com.ar\/index.php\/wp-json\/wp\/v2\/media?parent=23047"}],"wp:term":[{"taxonomy":"category","embeddable":true,"href":"https:\/\/chacosintesis.com.ar\/index.php\/wp-json\/wp\/v2\/categories?post=23047"},{"taxonomy":"post_tag","embeddable":true,"href":"https:\/\/chacosintesis.com.ar\/index.php\/wp-json\/wp\/v2\/tags?post=23047"}],"curies":[{"name":"wp","href":"https:\/\/api.w.org\/{rel}","templated":true}]}}