{"id":23041,"date":"2023-06-26T19:55:24","date_gmt":"2023-06-26T22:55:24","guid":{"rendered":"https:\/\/chacosintesis.com.ar\/?p=23041"},"modified":"2023-06-26T20:08:13","modified_gmt":"2023-06-26T23:08:13","slug":"siniestro-vial-en-ruta-11-fallecio-conductor-de-motovehiculo","status":"publish","type":"post","link":"https:\/\/chacosintesis.com.ar\/index.php\/siniestro-vial-en-ruta-11-fallecio-conductor-de-motovehiculo\/","title":{"rendered":"Siniestro vial en ruta 11: falleci\u00f3 conductor de motoveh\u00edculo"},"content":{"rendered":"<p>Un hombre de 43 a\u00f1os falleci\u00f3 esta siesta tras el siniestro vial protagonizado por un cami\u00f3n y una motocicleta. Seg\u00fan se inform\u00f3 desde la Polic\u00eda del Chaco, el incidente ocurri\u00f3 a las 14:40 de este lunes 26 a la altura del Kil\u00f3metro 990 de la ruta nacional 11. El fallecido fue identificado como Mat\u00edas Edgardo Amalia que se movilizaba en una motocicleta de 110 cc.<br \/>\nAl llegar, los agentes de la Comisar\u00eda Cuarta Metropolitana, visualizaron que el otro participe era un cami\u00f3n Scania 6-310 con semiremolque que era conducido por un ciudadano de 38 a\u00f1os.<br \/>\nAmalia fue auxiliado en primera instancia por otros automovilistas, pero al llegar el m\u00e9dico del Hospital Perrando constat\u00f3 que se encontraba sin signos vitales. Intervino M\u00e9dico Policial y Fiscal en turno.<\/p>\n","protected":false},"excerpt":{"rendered":"<p>Un hombre de 43 a\u00f1os falleci\u00f3 esta siesta tras el siniestro vial protagonizado por un cami\u00f3n y una motocicleta. Seg\u00fan se inform\u00f3 desde la Polic\u00eda del Chaco, el incidente ocurri\u00f3 a las 14:40 de este lunes 26 a la altura del Kil\u00f3metro 990 de la ruta nacional 11. El fallecido fue identificado como Mat\u00edas Edgardo [&hellip;]<\/p>\n","protected":false},"author":1,"featured_media":23042,"comment_status":"closed","ping_status":"closed","sticky":false,"template":"","format":"standard","meta":{"footnotes":""},"categories":[6],"tags":[],"class_list":{"0":"post-23041","1":"post","2":"type-post","3":"status-publish","4":"format-standard","5":"has-post-thumbnail","7":"category-chaco"},"_links":{"self":[{"href":"https:\/\/chacosintesis.com.ar\/index.php\/wp-json\/wp\/v2\/posts\/23041","targetHints":{"allow":["GET"]}}],"collection":[{"href":"https:\/\/chacosintesis.com.ar\/index.php\/wp-json\/wp\/v2\/posts"}],"about":[{"href":"https:\/\/chacosintesis.com.ar\/index.php\/wp-json\/wp\/v2\/types\/post"}],"author":[{"embeddable":true,"href":"https:\/\/chacosintesis.com.ar\/index.php\/wp-json\/wp\/v2\/users\/1"}],"replies":[{"embeddable":true,"href":"https:\/\/chacosintesis.com.ar\/index.php\/wp-json\/wp\/v2\/comments?post=23041"}],"version-history":[{"count":0,"href":"https:\/\/chacosintesis.com.ar\/index.php\/wp-json\/wp\/v2\/posts\/23041\/revisions"}],"wp:featuredmedia":[{"embeddable":true,"href":"https:\/\/chacosintesis.com.ar\/index.php\/wp-json\/wp\/v2\/media\/23042"}],"wp:attachment":[{"href":"https:\/\/chacosintesis.com.ar\/index.php\/wp-json\/wp\/v2\/media?parent=23041"}],"wp:term":[{"taxonomy":"category","embeddable":true,"href":"https:\/\/chacosintesis.com.ar\/index.php\/wp-json\/wp\/v2\/categories?post=23041"},{"taxonomy":"post_tag","embeddable":true,"href":"https:\/\/chacosintesis.com.ar\/index.php\/wp-json\/wp\/v2\/tags?post=23041"}],"curies":[{"name":"wp","href":"https:\/\/api.w.org\/{rel}","templated":true}]}}