{"id":23033,"date":"2023-06-26T19:42:51","date_gmt":"2023-06-26T22:42:51","guid":{"rendered":"https:\/\/chacosintesis.com.ar\/?p=23033"},"modified":"2023-06-26T20:08:11","modified_gmt":"2023-06-26T23:08:11","slug":"mas-de-99-mil-estudiantes-reciben-libros-para-aprender-de-lengua-y-matematica","status":"publish","type":"post","link":"https:\/\/chacosintesis.com.ar\/index.php\/mas-de-99-mil-estudiantes-reciben-libros-para-aprender-de-lengua-y-matematica\/","title":{"rendered":"M\u00e1s de 99 mil estudiantes reciben \u201cLibros para Aprender\u201d de lengua y matem\u00e1tica"},"content":{"rendered":"<p>Se trata del programa nacional que en el Chaco prev\u00e9 la entrega de casi 200 mil unidades para alumnas y alumnos de primero y segundo a\u00f1o del Ciclo B\u00e1sico de gesti\u00f3n estatal, social y privadas de cuota cero.<br \/>\nLa subsecretaria de Educaci\u00f3n Ludmila Pellegrini encabez\u00f3, este lunes, la entrega de \u201cLibros para Aprender\u201d a 233 estudiantes del Ciclo B\u00e1sico de la Escuela de Educaci\u00f3n Secundaria (EES) N\u00ba 88 \u201cLibertador General Sim\u00f3n Bol\u00edvar\u201d de Resistencia. A trav\u00e9s del programa nacional llegan libros a las 416 instituciones de nivel Secundario de la provincia, a trav\u00e9s de Correo Postal. Adem\u00e1s, todas las escuelas secundarias recibieron el acceso a los formatos digitales de las cuatro editoriales de \u201cLibros para Aprender\u201d.<br \/>\nSon dos libros para cada estudiante del Ciclo B\u00e1sico de escuelas secundarias orientadas y t\u00e9cnicas de gesti\u00f3n estatal, social y privada cuota cero: estudiantes de 1\u00ba y 2\u00ba de Ciclo B\u00e1sico reciben dos libros, uno de Matem\u00e1tica y uno de Lengua o Pr\u00e1ctica de Lenguaje, seg\u00fan la Editorial.<br \/>\nEn el Chaco se distribuir\u00e1n 199.389 libros seleccionados de 44 t\u00edtulos que pertenecen a nueve editoriales diferentes con los que se beneficiar\u00e1n a 99.694 estudiantes del Ciclo B\u00e1sico de 416 escuelas secundarias p\u00fablicas de gesti\u00f3n estatal, social y privadas de cuota cero. La Provincia conform\u00f3 la Comisi\u00f3n Asesora Nacional con especialistas de las 24 jurisdicciones del pa\u00eds, que recomend\u00f3 los t\u00edtulos de los libros.<br \/>\nAdem\u00e1s, pr\u00f3ximamente se entregar\u00e1n 105.033 libros literarios, seleccionados de 151 t\u00edtulos de 52 editoriales para estudiantes de 1\u00ba a 5\u00ba de la escuela secundaria y permitir\u00e1n, en conjunto, fomentar la lectura aut\u00f3noma, el desarrollo de lectores cr\u00edticos, potenciar la tarea pedag\u00f3gica de la escuela y dar continuidad al trabajo en los hogares, ayudando as\u00ed a las familias en el acompa\u00f1amiento de las diferentes trayectorias educativas.<br \/>\n\u201cEsto cubre nuestras expectativas, porque justamente vienen a fortalecer las \u00e1reas b\u00e1sicas de Lengua y Matem\u00e1tica para profundizar el trabajo pedag\u00f3gico en el nivel Secundario, con el fin de intensificar el proceso de ense\u00f1anza y aprendizaje. Esperamos que las y los estudiantes puedan disfrutarlos y aprender much\u00edsimo a trav\u00e9s de este programa nacional que les permite el acceso a los libros que necesitan para poder aprender\u201d, manifest\u00f3 Pellegrini, quien estuvo acompa\u00f1ada por el director de Nivel Secundario H\u00e9ctor Espinoza y el director de la Regional Educativa 10 A, Omar Rojo.<br \/>\n\u201cLibros para Aprender\u201d<br \/>\nEl Programa \u201cLibros para Aprender\u201d, incluye la entrega individual de 1.610.173 libros de texto para estudiantes de todas las escuelas secundarias del pa\u00eds, con el prop\u00f3sito de ayudar a organizar los procesos de ense\u00f1anza y aprendizaje y, profundizar el trabajo con determinados saberes escolares desde un enfoque integrado de la ense\u00f1anza. Pone el foco en la lectura, escritura y matem\u00e1tica en la escuela secundaria y tiene como objetivo la intensificaci\u00f3n de la ense\u00f1anza en lengua y matem\u00e1tica.<br \/>\nEste programa nacional que tambi\u00e9n alcanz\u00f3 a ni\u00f1os y ni\u00f1as de los niveles Inicial y Primario de todo el pa\u00eds, aporta al cumplimiento del derecho a la educaci\u00f3n y garantiza el acceso universal a libros esenciales para el aprendizaje de ni\u00f1as, ni\u00f1os y j\u00f3venes.<\/p>\n","protected":false},"excerpt":{"rendered":"<p>Se trata del programa nacional que en el Chaco prev\u00e9 la entrega de casi 200 mil unidades para alumnas y alumnos de primero y segundo a\u00f1o del Ciclo B\u00e1sico de gesti\u00f3n estatal, social y privadas de cuota cero. La subsecretaria de Educaci\u00f3n Ludmila Pellegrini encabez\u00f3, este lunes, la entrega de \u201cLibros para Aprender\u201d a 233 [&hellip;]<\/p>\n","protected":false},"author":1,"featured_media":23034,"comment_status":"closed","ping_status":"closed","sticky":false,"template":"","format":"standard","meta":{"footnotes":""},"categories":[6],"tags":[],"class_list":{"0":"post-23033","1":"post","2":"type-post","3":"status-publish","4":"format-standard","5":"has-post-thumbnail","7":"category-chaco"},"_links":{"self":[{"href":"https:\/\/chacosintesis.com.ar\/index.php\/wp-json\/wp\/v2\/posts\/23033","targetHints":{"allow":["GET"]}}],"collection":[{"href":"https:\/\/chacosintesis.com.ar\/index.php\/wp-json\/wp\/v2\/posts"}],"about":[{"href":"https:\/\/chacosintesis.com.ar\/index.php\/wp-json\/wp\/v2\/types\/post"}],"author":[{"embeddable":true,"href":"https:\/\/chacosintesis.com.ar\/index.php\/wp-json\/wp\/v2\/users\/1"}],"replies":[{"embeddable":true,"href":"https:\/\/chacosintesis.com.ar\/index.php\/wp-json\/wp\/v2\/comments?post=23033"}],"version-history":[{"count":0,"href":"https:\/\/chacosintesis.com.ar\/index.php\/wp-json\/wp\/v2\/posts\/23033\/revisions"}],"wp:featuredmedia":[{"embeddable":true,"href":"https:\/\/chacosintesis.com.ar\/index.php\/wp-json\/wp\/v2\/media\/23034"}],"wp:attachment":[{"href":"https:\/\/chacosintesis.com.ar\/index.php\/wp-json\/wp\/v2\/media?parent=23033"}],"wp:term":[{"taxonomy":"category","embeddable":true,"href":"https:\/\/chacosintesis.com.ar\/index.php\/wp-json\/wp\/v2\/categories?post=23033"},{"taxonomy":"post_tag","embeddable":true,"href":"https:\/\/chacosintesis.com.ar\/index.php\/wp-json\/wp\/v2\/tags?post=23033"}],"curies":[{"name":"wp","href":"https:\/\/api.w.org\/{rel}","templated":true}]}}