{"id":23029,"date":"2023-06-26T19:35:46","date_gmt":"2023-06-26T22:35:46","guid":{"rendered":"https:\/\/chacosintesis.com.ar\/?p=23029"},"modified":"2023-06-26T19:36:49","modified_gmt":"2023-06-26T22:36:49","slug":"al-igual-que-resistencia-makalle-desdobla-elecciones-y-elegira-su-intendente-el-5-de-noviembre","status":"publish","type":"post","link":"https:\/\/chacosintesis.com.ar\/index.php\/al-igual-que-resistencia-makalle-desdobla-elecciones-y-elegira-su-intendente-el-5-de-noviembre\/","title":{"rendered":"Al igual que Resistencia, Makall\u00e9 desdobla elecciones y elegir\u00e1 su intendente el 5 de noviembre"},"content":{"rendered":"<p>Como lo indica la Resoluci\u00f3n N\u00ba 168 del Tribunal Electoral del Chaco, la localidad de Makall\u00e9 elegir\u00e1 a su intendente el pr\u00f3ximo 5 de noviembre, el mismo d\u00eda que Resistencia.<br \/>\nEsta decisi\u00f3n fue comunicada al organismo provincial de fiscalizaci\u00f3n de los comicios, y queda a definir la posible fecha para la segunda vuelta, en caso de ser necesario. Desde el Tribunal Electoral estiman que el 26 de noviembre ser\u00eda una fecha adecuada, teniendo en cuenta que el 10 de diciembre deber\u00edan asumir las nuevas autoridades.<br \/>\nDe esta manera, dos municipios del Chaco elegir\u00e1n sus jefes comunales casi dos meses despu\u00e9s que el resto de las 68 localidades, que ir\u00e1n a las urnas el 17 de septiembre, en el llamado a elecciones generales.<br \/>\nRecordemos que en este a\u00f1o electoral, nuestra provincia renueva gobernador, vice, 16 bancas de diputados provinciales y sus suplentes, adem\u00e1s de la conducci\u00f3n de los 70 municipios y sus concejales.<\/p>\n","protected":false},"excerpt":{"rendered":"<p>Como lo indica la Resoluci\u00f3n N\u00ba 168 del Tribunal Electoral del Chaco, la localidad de Makall\u00e9 elegir\u00e1 a su intendente el pr\u00f3ximo 5 de noviembre, el mismo d\u00eda que Resistencia. Esta decisi\u00f3n fue comunicada al organismo provincial de fiscalizaci\u00f3n de los comicios, y queda a definir la posible fecha para la segunda vuelta, en caso [&hellip;]<\/p>\n","protected":false},"author":1,"featured_media":23030,"comment_status":"closed","ping_status":"closed","sticky":false,"template":"","format":"standard","meta":{"footnotes":""},"categories":[6],"tags":[],"class_list":{"0":"post-23029","1":"post","2":"type-post","3":"status-publish","4":"format-standard","5":"has-post-thumbnail","7":"category-chaco"},"_links":{"self":[{"href":"https:\/\/chacosintesis.com.ar\/index.php\/wp-json\/wp\/v2\/posts\/23029","targetHints":{"allow":["GET"]}}],"collection":[{"href":"https:\/\/chacosintesis.com.ar\/index.php\/wp-json\/wp\/v2\/posts"}],"about":[{"href":"https:\/\/chacosintesis.com.ar\/index.php\/wp-json\/wp\/v2\/types\/post"}],"author":[{"embeddable":true,"href":"https:\/\/chacosintesis.com.ar\/index.php\/wp-json\/wp\/v2\/users\/1"}],"replies":[{"embeddable":true,"href":"https:\/\/chacosintesis.com.ar\/index.php\/wp-json\/wp\/v2\/comments?post=23029"}],"version-history":[{"count":0,"href":"https:\/\/chacosintesis.com.ar\/index.php\/wp-json\/wp\/v2\/posts\/23029\/revisions"}],"wp:featuredmedia":[{"embeddable":true,"href":"https:\/\/chacosintesis.com.ar\/index.php\/wp-json\/wp\/v2\/media\/23030"}],"wp:attachment":[{"href":"https:\/\/chacosintesis.com.ar\/index.php\/wp-json\/wp\/v2\/media?parent=23029"}],"wp:term":[{"taxonomy":"category","embeddable":true,"href":"https:\/\/chacosintesis.com.ar\/index.php\/wp-json\/wp\/v2\/categories?post=23029"},{"taxonomy":"post_tag","embeddable":true,"href":"https:\/\/chacosintesis.com.ar\/index.php\/wp-json\/wp\/v2\/tags?post=23029"}],"curies":[{"name":"wp","href":"https:\/\/api.w.org\/{rel}","templated":true}]}}