{"id":23027,"date":"2023-06-26T09:29:20","date_gmt":"2023-06-26T12:29:20","guid":{"rendered":"https:\/\/chacosintesis.com.ar\/?p=23027"},"modified":"2023-06-26T09:29:39","modified_gmt":"2023-06-26T12:29:39","slug":"angel-rozas-brindo-su-respaldo-a-gerardo-morales-en-su-precandidatura-a-vicepresidente","status":"publish","type":"post","link":"https:\/\/chacosintesis.com.ar\/index.php\/angel-rozas-brindo-su-respaldo-a-gerardo-morales-en-su-precandidatura-a-vicepresidente\/","title":{"rendered":"Angel Rozas brind\u00f3 su respaldo a Gerardo Morales en su precandidatura a vicepresidente"},"content":{"rendered":"<p>El referente del radicalismo chaque\u00f1o, Angel Rozas, celebr\u00f3 la confirmaci\u00f3n del actual gobernador juje\u00f1o Gerardo Morales como precandidato a vicepresidente de la naci\u00f3n en la lista de Juntos por el Cambio que encabeza Horacio Rodriguez Larreta, actual jefe de gobierno porte\u00f1o.<br \/>\n El caudillo de Convergencia Social felicit\u00f3 a su amigo Morales \u201cpor asumir un desaf\u00edo tan importante, como el de trabajar para transformar los destinos de la Argentina como lo hizo en su provincia, Jujuy, donde pudo darle una nueva impronta a trav\u00e9s de sus firmes convicciones. Gerardo transform\u00f3 como gobernador la matriz productiva y de desarrollo de Jujuy y, adem\u00e1s, logr\u00f3 darle orden al territorio\u201d, agreg\u00f3.<br \/>\n Rozas destac\u00f3 el acuerdo llegado por la Uni\u00f3n C\u00edvica Radical en el pa\u00eds, valorando que se trata de los principios de di\u00e1logo y consenso que reclama la sociedad argentina. \u201cDesde nuestro espacio del radicalismo acompa\u00f1amos la f\u00f3rmula de Juntos por el Cambio de Horacio Rodriguez Larreta y Gerardo Morales\u201d, concluy\u00f3.<br \/>\n Rozas destac\u00f3 la unidad de Juntos por el Cambio en Chaco y valor\u00f3 las designaciones de Gerardo Cipolini y Carolina Meiri\u00f1o en la lista de candidatos a diputados nacionales Los integrantes de Juntos por el Cambio de la provincia del Chaco oficializaron una lista de unidad de cara a las elecciones PASO nacionales de agosto. En este sentido, se confirm\u00f3 que el saenzpe\u00f1ense Gerardo Cipolini buscar\u00e1 renovar la banca a la que lleg\u00f3 en 2019, en tanto que completar\u00e1n la lista de candidatos Carolina Meiri\u00f1o y Carlos Favar\u00f3n.<br \/>\n En este sentido, Angel Rozas destac\u00f3 que luego de intensas reuniones \u201cprim\u00f3 el sentido de unidad en Juntos por le Cambio, privilegiando el trabajo conjunto de las diferentes l\u00edneas internas de la coalici\u00f3n que viene de posicionarse como ganadora de las elecciones PASO de la provincia del Chaco\u201d.<br \/>\n De esta manera, los diputados titulares  son: Gerardo Cipolini, Carolina Meiri\u00f1o y Carlos Favaron.<br \/>\n A la vez, se confirm\u00f3 que la exrectora de la UNNE y que tambi\u00e9n fuera precandidata a la vicegobernaci\u00f3n en la interna de Juntos por el Cambio, Delfina Veirav\u00e9, encabezar\u00e1 la n\u00f3mina de aspirantes del espacio a integrar el Parlasur.<\/p>\n","protected":false},"excerpt":{"rendered":"<p>El referente del radicalismo chaque\u00f1o, Angel Rozas, celebr\u00f3 la confirmaci\u00f3n del actual gobernador juje\u00f1o Gerardo Morales como precandidato a vicepresidente de la naci\u00f3n en la lista de Juntos por el Cambio que encabeza Horacio Rodriguez Larreta, actual jefe de gobierno porte\u00f1o. El caudillo de Convergencia Social felicit\u00f3 a su amigo Morales \u201cpor asumir un desaf\u00edo [&hellip;]<\/p>\n","protected":false},"author":1,"featured_media":23028,"comment_status":"closed","ping_status":"closed","sticky":false,"template":"","format":"standard","meta":{"footnotes":""},"categories":[6],"tags":[],"class_list":{"0":"post-23027","1":"post","2":"type-post","3":"status-publish","4":"format-standard","5":"has-post-thumbnail","7":"category-chaco"},"_links":{"self":[{"href":"https:\/\/chacosintesis.com.ar\/index.php\/wp-json\/wp\/v2\/posts\/23027","targetHints":{"allow":["GET"]}}],"collection":[{"href":"https:\/\/chacosintesis.com.ar\/index.php\/wp-json\/wp\/v2\/posts"}],"about":[{"href":"https:\/\/chacosintesis.com.ar\/index.php\/wp-json\/wp\/v2\/types\/post"}],"author":[{"embeddable":true,"href":"https:\/\/chacosintesis.com.ar\/index.php\/wp-json\/wp\/v2\/users\/1"}],"replies":[{"embeddable":true,"href":"https:\/\/chacosintesis.com.ar\/index.php\/wp-json\/wp\/v2\/comments?post=23027"}],"version-history":[{"count":0,"href":"https:\/\/chacosintesis.com.ar\/index.php\/wp-json\/wp\/v2\/posts\/23027\/revisions"}],"wp:featuredmedia":[{"embeddable":true,"href":"https:\/\/chacosintesis.com.ar\/index.php\/wp-json\/wp\/v2\/media\/23028"}],"wp:attachment":[{"href":"https:\/\/chacosintesis.com.ar\/index.php\/wp-json\/wp\/v2\/media?parent=23027"}],"wp:term":[{"taxonomy":"category","embeddable":true,"href":"https:\/\/chacosintesis.com.ar\/index.php\/wp-json\/wp\/v2\/categories?post=23027"},{"taxonomy":"post_tag","embeddable":true,"href":"https:\/\/chacosintesis.com.ar\/index.php\/wp-json\/wp\/v2\/tags?post=23027"}],"curies":[{"name":"wp","href":"https:\/\/api.w.org\/{rel}","templated":true}]}}