{"id":23023,"date":"2023-06-26T08:59:36","date_gmt":"2023-06-26T11:59:36","guid":{"rendered":"https:\/\/chacosintesis.com.ar\/?p=23023"},"modified":"2023-06-26T09:06:32","modified_gmt":"2023-06-26T12:06:32","slug":"el-8-y-9-de-julio-volvera-el-zonal-a-machagai","status":"publish","type":"post","link":"https:\/\/chacosintesis.com.ar\/index.php\/el-8-y-9-de-julio-volvera-el-zonal-a-machagai\/","title":{"rendered":"El 8 y 9 de julio volver\u00e1 el Zonal a Machagai"},"content":{"rendered":"<p>La &#8220;Ciudad de las Diagonales&#8221; fue el escenario designado por las autoridades ante la falta de alternativas tanto en el interior como en la capital.<br \/>\n La Federaci\u00f3n Chaque\u00f1a de Automovilismo Deportivo confirm\u00f3 para el 8 y 9 de julio la realizaci\u00f3n de la tercera fecha del Campeonato Zonal, que una vez m\u00e1s tendr\u00e1 como escenario el circuito &#8220;Hilario Garc\u00eda Tapia&#8221; de Machagai.<\/p>\n<p>A pesar de la demora en el inicio de la temporada por distintas razones, el calendario viene cumpli\u00e9ndose de acuerdo con lo previsto y con la competencia concentrada en el trazado de la &#8220;Ciudad de las Diagonales&#8221;, ante la falta de alternativas tanto en el interior como en la capital.<br \/>\nEs que el agua es un factor determinante para la preparaci\u00f3n de los circuitos de tierra y se constituye en el principal obst\u00e1culo para que otras ciudades como Villa \u00c1ngela puedan sumarse al campeonato, aunque no est\u00e1 descartado que se incluya en el segundo semestre.<br \/>\nA la par, en Charata se han iniciado los trabajos para poder ser sede de una de las carreras, tentativamente en octubre; y S\u00e1enz Pe\u00f1a aguarda el inicio de la obra de la pavimentaci\u00f3n del aut\u00f3dromo, cuya licitaci\u00f3n ya ha sido realizada y solo se aguarda el cumplimiento de detalles t\u00e9cnicos, seg\u00fan se inform\u00f3.<br \/>\nTampoco el Campeonato Zonal puede recalar en Resistencia, teniendo en cuenta que el Municipio de la capital est\u00e1 encarando trabajos de reacondicionamiento en el aut\u00f3dromo &#8220;Yaco&#8221; Guarnieri para albergar a competencias nacionales de motos y autos en los pr\u00f3ximos meses.<br \/>\nEn este contexto Machagai aparece como la \u00fanica opci\u00f3n en lo inmediato.<br \/>\nEl desaf\u00edo de encarar una ter\u2011 cera prueba de manera consecutiva fue aceptado de inmediato, tanto por los integrantes de la Autope\u00f1a &#8220;Timoteo Garc\u00e9s&#8221; como del intendente Juan Manuel Garc\u00eda, sumado a Vialidad Provincial.<br \/>\nEn las \u00faltimas horas desde la Federaci\u00f3n Chaque\u00f1a de Automovilismo Deportivo, a trav\u00e9s de su presidente An\u00edbal \u00c1lvarez se confirm\u00f3 para el s\u00e1bado 8 y domingo 9 de julio la realizaci\u00f3n de la tercera fecha para la Clase 1, Clase 2 y TC Chaque\u00f1o en el trazado de 2450 metros de extensi\u00f3n.<br \/>\nPOSICIONES<br \/>\n-CLASE 1<br \/>\n1\u00ba) (24) Pablo Gay (Castelli) &#8211; 53 puntos<br \/>\n2\u00ba) (71) Cristian Madzarevich (Campo Largo) &#8211; 52<br \/>\n-CLASE 2<br \/>\n1\u00ba) (161) Roly L\u00f3pez (S\u00e1enz Pe\u00f1a) &#8211; 70 puntos<br \/>\n2\u00ba) (61) Juan M. Mourglia (Villa \u00c1ngela) &#8211; 65<br \/>\n-TC CHAQUE\u00d1O<br \/>\n1\u00ba) (1) Walter Belich (El Palmar) &#8211; 70 puntos<br \/>\n2\u00ba) (40) Marcelo Belich (El Palmar) &#8211; 55<\/p>\n<p>DIARIO NORTE.-<\/p>\n","protected":false},"excerpt":{"rendered":"<p>La &#8220;Ciudad de las Diagonales&#8221; fue el escenario designado por las autoridades ante la falta de alternativas tanto en el interior como en la capital. La Federaci\u00f3n Chaque\u00f1a de Automovilismo Deportivo confirm\u00f3 para el 8 y 9 de julio la realizaci\u00f3n de la tercera fecha del Campeonato Zonal, que una vez m\u00e1s tendr\u00e1 como escenario [&hellip;]<\/p>\n","protected":false},"author":1,"featured_media":23024,"comment_status":"closed","ping_status":"closed","sticky":false,"template":"","format":"standard","meta":{"footnotes":""},"categories":[6],"tags":[],"class_list":{"0":"post-23023","1":"post","2":"type-post","3":"status-publish","4":"format-standard","5":"has-post-thumbnail","7":"category-chaco"},"_links":{"self":[{"href":"https:\/\/chacosintesis.com.ar\/index.php\/wp-json\/wp\/v2\/posts\/23023","targetHints":{"allow":["GET"]}}],"collection":[{"href":"https:\/\/chacosintesis.com.ar\/index.php\/wp-json\/wp\/v2\/posts"}],"about":[{"href":"https:\/\/chacosintesis.com.ar\/index.php\/wp-json\/wp\/v2\/types\/post"}],"author":[{"embeddable":true,"href":"https:\/\/chacosintesis.com.ar\/index.php\/wp-json\/wp\/v2\/users\/1"}],"replies":[{"embeddable":true,"href":"https:\/\/chacosintesis.com.ar\/index.php\/wp-json\/wp\/v2\/comments?post=23023"}],"version-history":[{"count":0,"href":"https:\/\/chacosintesis.com.ar\/index.php\/wp-json\/wp\/v2\/posts\/23023\/revisions"}],"wp:featuredmedia":[{"embeddable":true,"href":"https:\/\/chacosintesis.com.ar\/index.php\/wp-json\/wp\/v2\/media\/23024"}],"wp:attachment":[{"href":"https:\/\/chacosintesis.com.ar\/index.php\/wp-json\/wp\/v2\/media?parent=23023"}],"wp:term":[{"taxonomy":"category","embeddable":true,"href":"https:\/\/chacosintesis.com.ar\/index.php\/wp-json\/wp\/v2\/categories?post=23023"},{"taxonomy":"post_tag","embeddable":true,"href":"https:\/\/chacosintesis.com.ar\/index.php\/wp-json\/wp\/v2\/tags?post=23023"}],"curies":[{"name":"wp","href":"https:\/\/api.w.org\/{rel}","templated":true}]}}