{"id":23012,"date":"2023-06-26T08:05:56","date_gmt":"2023-06-26T11:05:56","guid":{"rendered":"https:\/\/chacosintesis.com.ar\/?p=23012"},"modified":"2023-06-26T08:06:48","modified_gmt":"2023-06-26T11:06:48","slug":"la-madre-de-cecilia-encabezo-una-nueva-marcha-en-resistencia-nada-me-va-a-devolver-a-mi-hija-ni-siquiera-la-perpetua","status":"publish","type":"post","link":"https:\/\/chacosintesis.com.ar\/index.php\/la-madre-de-cecilia-encabezo-una-nueva-marcha-en-resistencia-nada-me-va-a-devolver-a-mi-hija-ni-siquiera-la-perpetua\/","title":{"rendered":"La madre de Cecilia encabez\u00f3 una nueva marcha en Resistencia: \u201cNada me va a devolver a mi hija, ni siquiera la perpetua\u201d"},"content":{"rendered":"<p>Una multitud se concentr\u00f3 esta tarde en la Plaza 25 de Mayo de la ciudad de Resistencia para acompa\u00f1ar a Gloria Romero en su pedido de \u201cJusticia\u201d. Esta semana se esperan novedades del caso: un fiscal adelant\u00f3 que pedir\u00e1n la prisi\u00f3n preventiva de todos los detenidos<br \/>\n Gloria Romero, mam\u00e1 de Cecilia Strzyzowski, encabez\u00f3 este domingo una movilizaci\u00f3n para pedir Justicia por su hija. Fue la quinta concentraci\u00f3n que hicieron familiares y amigos de la joven de 28 a\u00f1os, desaparecida desde hace 23 d\u00edas. Al igual que en las anteriores, el punto de encuentro fue la plaza central de la capital chaque\u00f1a. La consigna fue llevar la camiseta de Argentina con una estrella de color rosa, el color preferido de Cecilia.<br \/>\nMinutos antes de las 17, hora de la convocatoria, distintas personas se fueron acercando a la Plaza 25 de Mayo. \u201c\u00bfD\u00f3nde est\u00e1 Cecilia?\u201d, pod\u00eda leerse en los carteles. \u201cVine para darle fuerza a esa madre: luchadora, guerrera, leona\u201d, sostuvo una de las asistentes. Otra se sum\u00f3: \u201cEstoy ac\u00e1 porque necesitamos Justicia en el Chaco. Como mam\u00e1 tengo un dolor muy grande y no es justo lo que pas\u00f3 con Cecilia. Queremos que se sepa la verdad y que nos dejen de mentir\u201d.<\/p>\n<p>La primera en llegar fue la t\u00eda abuela de Cecilia, Mercedes Valois Flores. Lo hizo de la mano de un sobrino, y se la vio visiblemente emocionada. Los vecinos la recibieron al grito de \u201cJusticia\u201d. Un rato despu\u00e9s arriv\u00f3 Gloria Romero, madre de la joven, acompa\u00f1ada del abogado Fernando Burlando quien, a diferencia de Juan Arreg\u00edn y Sergio Briend, todav\u00eda no est\u00e1 constituido como querellante en el expediente. \u201cPerpetua, perpetua\u201d, se escuch\u00f3.<\/p>\n<p>Ya en el escenario, Gloria tom\u00f3 el micr\u00f3fono y, tras un saludo a la multitud que cop\u00f3 la plaza, dijo: \u201cMe puso muy contenta ver a muchos hombres. Yo siempre dec\u00eda: \u2018\u00bfC\u00f3mo puede ser que en las marchas seamos solos mujeres? \u00bfNo hay padres, hermanos, esposos?\u2019. Hoy se la jugaron. As\u00ed me gusta. Acompa\u00f1en a sus mujeres. No tengan miedo. El miedo paraliza y esta gente gobierna por el miedo. Si tienen ese poder es porque ustedes se lo dieron. Ese dinero que manejan es del Estado. Y si ma\u00f1ana ustedes eligen que no lo sigan haciendo, no lo van a hacer m\u00e1s. Ustedes tienen el poder. El pueblo manda\u201d, sostuvo. Inmediatamente los all\u00ed presentes comenzaron a gritar: \u201cNo est\u00e1s sola, no est\u00e1s sola\u201d.<br \/>\n En la marcha, Gloria estuvo acompa\u00f1ada por distintos familiares que tambi\u00e9n reclamaban Justicia, entre ellos, los padres de Milagros Cortillo, una joven que falleci\u00f3 el 16 de mayo pasado por un caso de presunta mala praxis en el Hospital Perrando. Tambi\u00e9n dijeron presente algunos ex combatientes de Malvinas.<br \/>\nA trav\u00e9s de sus redes sociales, la madre de Cecilia hab\u00eda pedido a los chaque\u00f1os que llevaran a la movilizaci\u00f3n una camiseta de la Selecci\u00f3n Argentina y le colocaran una estrella rosada que dijera \u201cJusticia por Cecilia\u201d, como \u201cs\u00edmbolo de los sue\u00f1os que le robaron\u201d. Al llegar a la plaza, la mujer alz\u00f3 su remera, en la que pod\u00edan leerse tres estrellas con los deseos inconclusos de su hija:<br \/>\n\u201cQuer\u00eda casarse en la playa. Quer\u00eda conocer la bombonera. Quer\u00eda ser mam\u00e1\u201d.<br \/>\nSi bien Gloria hab\u00eda anticipado que desde la plaza iban a caminar al Departamento de Violencia Familiar y de G\u00e9nero, donde est\u00e1 alojada Marcela Acu\u00f1a, la mujer despu\u00e9s se ech\u00f3 atr\u00e1s ante la posibilidad de que hubiera \u201cinfiltrados\u201d que ocasionaran disturbios.<br \/>\n\u201cLas marchas que quiero hacer son pac\u00edficas. Las manifestaciones que quiero hacer son art\u00edsticas. No voy a ir a la comisar\u00eda porque no quiero provocar. Soy pacifista, pido Justicia y no venganza. Yo no me impongo, yo me manifiesto. si hacemos lo mismo que hacen ellos es una guerra de pobres contra pobres. Quien quiera ir va. Yo no voy a ir\u201d, sostuvo.<br \/>\n Acto seguido se realiz\u00f3 una coreograf\u00eda de danza que finaliz\u00f3 con un emotivo abrazo por parte de todos los bailarines hacia Gloria. Muchos de ellos conoc\u00edan a Cecilia.<br \/>\nLa movilizaci\u00f3n comenz\u00f3 pasadas las 18. \u201cEstamos con vos, mam\u00e1\u201d, le gritaban algunos Gloria. En charla con Infobae, una de las all\u00ed presentes asegur\u00f3: \u201cAl igual que todos los que estamos ac\u00e1, lo \u00fanico que buscamos es Verdad y Justicia, que esto no quede impune, que no haya m\u00e1s Cecilia, que no haya m\u00e1s desaparecidas, porque nos queremos vivas a todas\u201d.<br \/>\nAntes de arrancar a marchar, Gloria pidi\u00f3 que se cantara el himno Nacional. Luego habl\u00f3 con los medios y sostuvo: \u201cDentro del dolor, me siento apoyada. Nada me va a devolver a mi hija. Ni siquiera que ellos vayan a perpetua. Pero por lo menos me van a dar la seguridad de que a otra chica no le va a pasar los mismo\u201d.<br \/>\nDetr\u00e1s de una caravana encabezada por la madre y la t\u00eda abuela de la v\u00edctima, que sosten\u00edan una bandera que dec\u00eda \u201cJusticia por Cecilia\u201d, la multitud dio la vuelta manzana a la plaza. Como se hizo en las marchas anteriores, tambi\u00e9n pasaron por la Casa de Gobierno. All\u00ed se detuvieron un instante y cantaron: \u201cQue se vaya Coqui (Capitanich)\u201d. Luego se dirigieron hacia frente a la Catedral y, personas que llegaron desde la provincia de Corrientes, le entregaron a Gloria una figura de la Virgen de Itat\u00ed.<br \/>\nCerca de las 19.20, Gloria y Mercedes se retiraron de la plaza. Debido a las altas temperaturas en Chaco, la t\u00eda abuela de Cecilia comenz\u00f3 a sentirse mal y se descompens\u00f3. La gente las despidi\u00f3 con una ovaci\u00f3n de aplausos<\/p>\n<p> INFOBAE.-<\/p>\n","protected":false},"excerpt":{"rendered":"<p>Una multitud se concentr\u00f3 esta tarde en la Plaza 25 de Mayo de la ciudad de Resistencia para acompa\u00f1ar a Gloria Romero en su pedido de \u201cJusticia\u201d. Esta semana se esperan novedades del caso: un fiscal adelant\u00f3 que pedir\u00e1n la prisi\u00f3n preventiva de todos los detenidos Gloria Romero, mam\u00e1 de Cecilia Strzyzowski, encabez\u00f3 este domingo [&hellip;]<\/p>\n","protected":false},"author":1,"featured_media":23013,"comment_status":"closed","ping_status":"closed","sticky":false,"template":"","format":"standard","meta":{"footnotes":""},"categories":[6],"tags":[197],"class_list":{"0":"post-23012","1":"post","2":"type-post","3":"status-publish","4":"format-standard","5":"has-post-thumbnail","7":"category-chaco","8":"tag-destacada"},"_links":{"self":[{"href":"https:\/\/chacosintesis.com.ar\/index.php\/wp-json\/wp\/v2\/posts\/23012","targetHints":{"allow":["GET"]}}],"collection":[{"href":"https:\/\/chacosintesis.com.ar\/index.php\/wp-json\/wp\/v2\/posts"}],"about":[{"href":"https:\/\/chacosintesis.com.ar\/index.php\/wp-json\/wp\/v2\/types\/post"}],"author":[{"embeddable":true,"href":"https:\/\/chacosintesis.com.ar\/index.php\/wp-json\/wp\/v2\/users\/1"}],"replies":[{"embeddable":true,"href":"https:\/\/chacosintesis.com.ar\/index.php\/wp-json\/wp\/v2\/comments?post=23012"}],"version-history":[{"count":0,"href":"https:\/\/chacosintesis.com.ar\/index.php\/wp-json\/wp\/v2\/posts\/23012\/revisions"}],"wp:featuredmedia":[{"embeddable":true,"href":"https:\/\/chacosintesis.com.ar\/index.php\/wp-json\/wp\/v2\/media\/23013"}],"wp:attachment":[{"href":"https:\/\/chacosintesis.com.ar\/index.php\/wp-json\/wp\/v2\/media?parent=23012"}],"wp:term":[{"taxonomy":"category","embeddable":true,"href":"https:\/\/chacosintesis.com.ar\/index.php\/wp-json\/wp\/v2\/categories?post=23012"},{"taxonomy":"post_tag","embeddable":true,"href":"https:\/\/chacosintesis.com.ar\/index.php\/wp-json\/wp\/v2\/tags?post=23012"}],"curies":[{"name":"wp","href":"https:\/\/api.w.org\/{rel}","templated":true}]}}