{"id":23008,"date":"2023-06-24T12:37:55","date_gmt":"2023-06-24T15:37:55","guid":{"rendered":"https:\/\/chacosintesis.com.ar\/?p=23008"},"modified":"2023-06-24T13:07:14","modified_gmt":"2023-06-24T16:07:14","slug":"saenz-pena-tras-un-allanamiento-detuvieron-a-un-hombre-y-secuestraron-marihuana-y-cocaina","status":"publish","type":"post","link":"https:\/\/chacosintesis.com.ar\/index.php\/saenz-pena-tras-un-allanamiento-detuvieron-a-un-hombre-y-secuestraron-marihuana-y-cocaina\/","title":{"rendered":"S\u00e1enz Pe\u00f1a: Tras un allanamiento, detuvieron a un hombre y secuestraron marihuana y coca\u00edna"},"content":{"rendered":"<p>Los encargados de la requisa del domicilio fueron los agentes de la Divisi\u00f3n Microtr\u00e1fico Interior de la ciudad Termal. Entre los elementos secuestrados hab\u00eda un chaleco refractario con la inscripci\u00f3n &#8220;Polic\u00eda&#8221;, un reflector Led y varias partes de motocicleta desarmada.<br \/>\n Agentes antinarc\u00f3ticos de S\u00e1enz Pe\u00f1a allanaron una vivienda en el barrio Aipo de la ciudad Termal, este viernes, y lograron la aprehensi\u00f3n de un hombre junto al secuestro de marihuana y coca\u00edna.<br \/>\nEn horas de la siesta, los uniformados llegaron al domicilio de un joven de 27 a\u00f1os donde, finalizada las pesquisas, secuestraron 44 bochitas con un total de 49 gramos de marihuana, y 22 envoltorios que arrojaron un peso total de 5,3 gramos de coca\u00edna.<br \/>\nTambi\u00e9n encontraron 48 plantas de cannabis sativa, un cuchillo con restos de esa sustancia y 3.020 pesos.<br \/>\nPor otra parte, entre los elementos secuestrados se encontraba un chaleco refractario con la inscripci\u00f3n &#8220;Polic\u00eda&#8221;, un reflector led y varias partes de una motocicleta desarmada. Por este motivo, se iniciaron actuaciones judiciales para saber la procedencia de los objetos y el fin para que se los utilizaba.<br \/>\nUn morador fue notificado de su aprehensi\u00f3n por la Supuesta Infracci\u00f3n a la Ley N\u00b0 23.737, de estupefacientes.<\/p>\n","protected":false},"excerpt":{"rendered":"<p>Los encargados de la requisa del domicilio fueron los agentes de la Divisi\u00f3n Microtr\u00e1fico Interior de la ciudad Termal. Entre los elementos secuestrados hab\u00eda un chaleco refractario con la inscripci\u00f3n &#8220;Polic\u00eda&#8221;, un reflector Led y varias partes de motocicleta desarmada. Agentes antinarc\u00f3ticos de S\u00e1enz Pe\u00f1a allanaron una vivienda en el barrio Aipo de la ciudad [&hellip;]<\/p>\n","protected":false},"author":1,"featured_media":23009,"comment_status":"closed","ping_status":"closed","sticky":false,"template":"","format":"standard","meta":{"footnotes":""},"categories":[6],"tags":[],"class_list":{"0":"post-23008","1":"post","2":"type-post","3":"status-publish","4":"format-standard","5":"has-post-thumbnail","7":"category-chaco"},"_links":{"self":[{"href":"https:\/\/chacosintesis.com.ar\/index.php\/wp-json\/wp\/v2\/posts\/23008","targetHints":{"allow":["GET"]}}],"collection":[{"href":"https:\/\/chacosintesis.com.ar\/index.php\/wp-json\/wp\/v2\/posts"}],"about":[{"href":"https:\/\/chacosintesis.com.ar\/index.php\/wp-json\/wp\/v2\/types\/post"}],"author":[{"embeddable":true,"href":"https:\/\/chacosintesis.com.ar\/index.php\/wp-json\/wp\/v2\/users\/1"}],"replies":[{"embeddable":true,"href":"https:\/\/chacosintesis.com.ar\/index.php\/wp-json\/wp\/v2\/comments?post=23008"}],"version-history":[{"count":0,"href":"https:\/\/chacosintesis.com.ar\/index.php\/wp-json\/wp\/v2\/posts\/23008\/revisions"}],"wp:featuredmedia":[{"embeddable":true,"href":"https:\/\/chacosintesis.com.ar\/index.php\/wp-json\/wp\/v2\/media\/23009"}],"wp:attachment":[{"href":"https:\/\/chacosintesis.com.ar\/index.php\/wp-json\/wp\/v2\/media?parent=23008"}],"wp:term":[{"taxonomy":"category","embeddable":true,"href":"https:\/\/chacosintesis.com.ar\/index.php\/wp-json\/wp\/v2\/categories?post=23008"},{"taxonomy":"post_tag","embeddable":true,"href":"https:\/\/chacosintesis.com.ar\/index.php\/wp-json\/wp\/v2\/tags?post=23008"}],"curies":[{"name":"wp","href":"https:\/\/api.w.org\/{rel}","templated":true}]}}