{"id":23006,"date":"2023-06-24T09:55:29","date_gmt":"2023-06-24T12:55:29","guid":{"rendered":"https:\/\/chacosintesis.com.ar\/?p=23006"},"modified":"2023-06-24T10:07:07","modified_gmt":"2023-06-24T13:07:07","slug":"me-golpeo-muchisimo-dijo-gloria-romero-en-un-dia-de-gran-conmocion-tras-reconocer-objetos-de-cecilia","status":"publish","type":"post","link":"https:\/\/chacosintesis.com.ar\/index.php\/me-golpeo-muchisimo-dijo-gloria-romero-en-un-dia-de-gran-conmocion-tras-reconocer-objetos-de-cecilia\/","title":{"rendered":"\u201cMe golpe\u00f3 much\u00edsimo\u201d, dijo Gloria Romero en un d\u00eda de gran conmoci\u00f3n tras reconocer objetos de Cecilia"},"content":{"rendered":"<p>La madre de la joven desaparecida hace tres semanas tambi\u00e9n pidi\u00f3 acompa\u00f1amiento en la marcha programada para este domingo. \u201cYo s\u00e9 que hacen manifestaciones en todas las localidades, pero este domingo los necesito ac\u00e1&#8221;, destac\u00f3.<br \/>\n A tres semanas de la desaparici\u00f3n de Cecilia Strzyzowski, Gloria Romero, su mam\u00e1, brind\u00f3 una conferencia de prensa acompa\u00f1ada por referentes de Madre del Dolor. Seg\u00fan mencion\u00f3 a la prensa, el reconocimiento de las pertenencias encontradas por la justicia \u201cfue positivo\u201d y pidi\u00f3 acompa\u00f1amiento en la movilizaci\u00f3n pensada para este domingo.<br \/>\n\u201cEl reconocimiento fue totalmente positivo. La mayor\u00eda de las cosas que se encontraron son de mi hija\u201d, confirm\u00f3 Gloria este viernes en conferencia de prensa en el Centro Cultural Nordeste. Cabe recordar que este viernes la familia reconoci\u00f3 un total de 20 objetos que les fueron exhibidos y que fueron secuestrados en distintos procedimientos realizados en el marco de la investigaci\u00f3n.<br \/>\n\u201cLo que m\u00e1s me golpe\u00f3 fue el tema del buzo, porque uno de los trozos que hab\u00eda era del \u00faltimo buzo que yo le hab\u00eda visto puesto el d\u00eda mi\u00e9rcoles cuando fue a casa. As\u00ed que eso fue algo que me golpe\u00f3 much\u00edsimo\u201d, agreg\u00f3 la madre entre l\u00e1grimas.<br \/>\nConsternada, Romero se\u00f1al\u00f3: \u201cUno se prepara. Es decir, yo sab\u00eda que mi hija estaba muerta y sab\u00eda que esto iba a ser as\u00ed, pero creo que cuando lo ves es distinto a cuando te imaginas que tambi\u00e9n quemaron el cuerpo de tu hija, que tal vez ni siquiera pueda llegar a encontrar el cuerpo de mi hija. Te quitan todo\u201d.<br \/>\n\u201cTe quitan tu hija, te quitan el duelo, te quitan el cuerpo. Pero \u00bfsaben qu\u00e9? Con todo lo que te quitaron tambi\u00e9n nos quitaron el miedo\u201d, dijo con fuerza la mujer.<br \/>\n\u201cCecilia no es la \u00fanica. Hay m\u00e1s de 18 desaparecidas en casi un a\u00f1o y medio ac\u00e1 en el Chaco. Esto se tiene que terminar en los protegidos del poder. El tema de que uno tenga que estar haciendo marchas, uno no deber\u00eda hacer marchas para que la justicia haga lo que le corresponde. Porque la justicia tiene que funcionar y tiene que ser independiente del poder\u201d, expres\u00f3.<br \/>\nLa madre de Cecilia tambi\u00e9n pidi\u00f3 acompa\u00f1amiento en la marcha programada para este domingo. \u201cYo s\u00e9 que hacen manifestaciones en todas las localidades, pero este domingo necesito ac\u00e1. Necesito a todas las provincias, necesito a todos los que puedan venir, necesito ac\u00e1\u201d, se\u00f1al\u00f3 la mujer, conmovida.<br \/>\n\u201cEl que no pueda venir, haga un sticker, una calcoman\u00eda y p\u00f3ngala en su auto, en su moto, en su comercio\u201d, indic\u00f3.<br \/>\nAdem\u00e1s, destac\u00f3 que las movilizaciones se realizan los d\u00edas domingos para no molestar a los vecinos y vecinas de Resistencia. &#8220;No quiero hacerlas un d\u00eda de semana porque el pueblo contra el pueblo no sirve, tenemos que estar unidos&#8221;, mencion\u00f3.<br \/>\nPor \u00faltimo, Gloria pidi\u00f3 disculpas por no brindar un discurso m\u00e1s extenso porque estaba realmente \u201cquebrada\u201d. \u201cCuando te tiran al piso y te pisotean, hay gente que quiere que te quedes en el piso. Pero hay gente como yo que se levanta y es m\u00e1s grave. As\u00ed que hoy estoy en el piso, pero ma\u00f1ana me levanto y esperar\u00e9 la revancha\u201d, cerr\u00f3.<\/p>\n<p>El respaldo de las Madres del Dolor<\/p>\n<p>Integrantes de la asociaci\u00f3n Madres del Dolor y familiares de otras v\u00edctimas de violencia viajaron a Resistencia para acompa\u00f1ar en este dif\u00edcil momento a Gloria Romero.<br \/>\nAs\u00ed, la madre de Cecilia estuvo acompa\u00f1ada esta tarde por Jimena Aduriz, madre de \u00c1ngeles Rawson; Viviam Perrone, madre de Kevin Sedano; y el tucumano Alberto Lebbos, padre de Paulina; todos familiares de reconocidos y resonantes casos de violencia que conmovieron al pa\u00eds.<br \/>\nAduriz, madre de \u00c1ngeles Rawson, dijo estar para acompa\u00f1ar a Gloria porque est\u00e1 pasando por uno de los \u201cmomentos m\u00e1s terribles que puede pasar un ser humano\u201d. \u201cAdem\u00e1s, a todo eso se le agrega la falta de credibilidad y la manera de los procedimientos que se realizaron\u201d, alert\u00f3.<br \/>\n\u201cElla necesita encontrar a su hija. Queremos decirte que hay todo un pa\u00eds que est\u00e1 queriendo abrazarte y pedir justicia por tu hija\u201d, mencion\u00f3 la mujer. Adem\u00e1s, pidi\u00f3 a las dem\u00e1s familias de v\u00edctimas que se unan a pedir por la aparici\u00f3n de Cecilia. \u201cNo tengamos miedo. Y los medios de comunicaci\u00f3n por favor, sean prolijos cuando informan\u201d, destac\u00f3 la madre de la joven asesinada en el barrio porte\u00f1o de Palermo.<br \/>\n\u201cGloria es un tit\u00e1n y eso es lo que nos despierta haber perdido un hijo\u201d, cerr\u00f3 la mujer.<br \/>\nAlberto Lebbos, pap\u00e1 de Paulina, asesinada en 2006 en Tucum\u00e1n tambi\u00e9n brind\u00f3 el acompa\u00f1amiento. &#8220;Les traigo un abrazo fraterno de los que integramos la Comisi\u00f3n de Familiares de V\u00edctimas de la Impunidad, que comenzamos all\u00e1 en el a\u00f1o 2006 y que se fue repitiendo a lo largo y a lo alto del pa\u00eds. Estamos porque este camino no se puede transitar en soledad. Es un camino muy doloroso\u201d, dijo.<br \/>\n\u201cYo les traigo el compromiso de mis compa\u00f1eros de la Comisi\u00f3n de Tucum\u00e1n y del pueblo tucumano. Tienen que saber que cuentan con nosotros, cuentan con nuestra experiencia, nuestra experiencia lograda en base al sacrificio\u201d, expres\u00f3 con fuerza Lebbos.<br \/>\nAl finalizar la conferencia de prensa, otras v\u00edctimas de cr\u00edmenes, madres y padres, contaron sus testimonios y experiencias de vida.<\/p>\n","protected":false},"excerpt":{"rendered":"<p>La madre de la joven desaparecida hace tres semanas tambi\u00e9n pidi\u00f3 acompa\u00f1amiento en la marcha programada para este domingo. \u201cYo s\u00e9 que hacen manifestaciones en todas las localidades, pero este domingo los necesito ac\u00e1&#8221;, destac\u00f3. A tres semanas de la desaparici\u00f3n de Cecilia Strzyzowski, Gloria Romero, su mam\u00e1, brind\u00f3 una conferencia de prensa acompa\u00f1ada por [&hellip;]<\/p>\n","protected":false},"author":1,"featured_media":23007,"comment_status":"closed","ping_status":"closed","sticky":false,"template":"","format":"standard","meta":{"footnotes":""},"categories":[6],"tags":[197],"class_list":{"0":"post-23006","1":"post","2":"type-post","3":"status-publish","4":"format-standard","5":"has-post-thumbnail","7":"category-chaco","8":"tag-destacada"},"_links":{"self":[{"href":"https:\/\/chacosintesis.com.ar\/index.php\/wp-json\/wp\/v2\/posts\/23006","targetHints":{"allow":["GET"]}}],"collection":[{"href":"https:\/\/chacosintesis.com.ar\/index.php\/wp-json\/wp\/v2\/posts"}],"about":[{"href":"https:\/\/chacosintesis.com.ar\/index.php\/wp-json\/wp\/v2\/types\/post"}],"author":[{"embeddable":true,"href":"https:\/\/chacosintesis.com.ar\/index.php\/wp-json\/wp\/v2\/users\/1"}],"replies":[{"embeddable":true,"href":"https:\/\/chacosintesis.com.ar\/index.php\/wp-json\/wp\/v2\/comments?post=23006"}],"version-history":[{"count":0,"href":"https:\/\/chacosintesis.com.ar\/index.php\/wp-json\/wp\/v2\/posts\/23006\/revisions"}],"wp:featuredmedia":[{"embeddable":true,"href":"https:\/\/chacosintesis.com.ar\/index.php\/wp-json\/wp\/v2\/media\/23007"}],"wp:attachment":[{"href":"https:\/\/chacosintesis.com.ar\/index.php\/wp-json\/wp\/v2\/media?parent=23006"}],"wp:term":[{"taxonomy":"category","embeddable":true,"href":"https:\/\/chacosintesis.com.ar\/index.php\/wp-json\/wp\/v2\/categories?post=23006"},{"taxonomy":"post_tag","embeddable":true,"href":"https:\/\/chacosintesis.com.ar\/index.php\/wp-json\/wp\/v2\/tags?post=23006"}],"curies":[{"name":"wp","href":"https:\/\/api.w.org\/{rel}","templated":true}]}}